{"id":997,"date":"2025-12-01T10:12:06","date_gmt":"2025-12-01T09:12:06","guid":{"rendered":"https:\/\/enviosclero.archimadrid.com\/?p=997"},"modified":"2025-12-02T11:41:22","modified_gmt":"2025-12-02T10:41:22","slug":"preasambleas","status":"publish","type":"post","link":"https:\/\/enviosclero.archimadrid.com\/?p=997","title":{"rendered":"Preasambleas"},"content":{"rendered":"<p>Durante el mes de enero tendremos encuentros sacerdotales por franjas de a\u00f1os de ordenaci\u00f3n. En estos encuentros recibiremos las propuestas que se est\u00e1n haciendo y nos prepararemos juntos para CONVIVIUM.<\/p>\n<blockquote><p>Lunes 12 de enero \u00a0\u00a0\u00a0\u00a0\u00a0\u00a0\u00a0\u00a0\u00a0\u00a0\u00a0\u00a0\u00a0\u00a0\u00a0\u00a0 10-19 a\u00f1os de ordenaci\u00f3n.<\/p>\n<p>Mi\u00e9rcoles 14 de enero\u00a0\u00a0\u00a0\u00a0\u00a0\u00a0\u00a0\u00a0\u00a0\u00a0 0-9 a\u00f1os de ordenaci\u00f3n<\/p>\n<p>Lunes 19 de enero \u00a0\u00a0\u00a0\u00a0\u00a0\u00a0\u00a0\u00a0\u00a0\u00a0\u00a0\u00a0\u00a0\u00a0\u00a0\u00a0 20-29 a\u00f1os de ordenaci\u00f3n.<\/p>\n<p>Mi\u00e9rcoles 21 de enero\u00a0\u00a0\u00a0\u00a0\u00a0\u00a0\u00a0\u00a0\u00a0\u00a0 30-39 a\u00f1os de ordenaci\u00f3n.<\/p>\n<p>Lunes 26 de enero\u00a0\u00a0\u00a0\u00a0\u00a0\u00a0\u00a0\u00a0\u00a0\u00a0\u00a0\u00a0\u00a0\u00a0\u00a0\u00a0\u00a0 40-49 a\u00f1os de ordenaci\u00f3n.<\/p>\n<p>Mi\u00e9rcoles 28 de enero\u00a0\u00a0\u00a0\u00a0\u00a0\u00a0\u00a0\u00a0\u00a0\u00a0 m\u00e1s de 50 a\u00f1os de ordenaci\u00f3n.<\/p><\/blockquote>\n<p>En el seminario Concliliar de Madrid. De 10\u201930 hasta despu\u00e9s de comer.<\/p>\n<p><span style=\"color: #3366ff;\"><strong>Te invitamos a que te inscribas cuanto ante<\/strong><strong>s<\/strong><\/span>, tanto en las preasambleas por franjas de edad como en la Asamblea del 9-10 de febrero, a trav\u00e9s del siguiente formulario: <a href=\"https:\/\/forms.office.com\/Pages\/ResponsePage.aspx?id=hVmjfcWTmkqJ7asN-FH_-cI_9pc8LfRMsSK8L97qvM9UNDAxMEtFTDRTSDMyVldCQU04UzREUkpSMy4u\">Inscripci\u00f3n para participar en convivium: asamblea presbiteral<\/a><\/p>\n<p>&nbsp;<\/p>\n","protected":false},"excerpt":{"rendered":"<p>Durante el mes de enero tendremos encuentros sacerdotales por franjas de a\u00f1os de ordenaci\u00f3n. En estos encuentros recibiremos las propuestas que se est\u00e1n haciendo y nos prepararemos juntos para CONVIVIUM. Lunes 12 de enero \u00a0\u00a0\u00a0\u00a0\u00a0\u00a0\u00a0\u00a0\u00a0\u00a0\u00a0\u00a0\u00a0\u00a0\u00a0\u00a0 10-19 a\u00f1os de ordenaci\u00f3n. Mi\u00e9rcoles 14 de enero\u00a0\u00a0\u00a0\u00a0\u00a0\u00a0\u00a0\u00a0\u00a0\u00a0 0-9 a\u00f1os de ordenaci\u00f3n Lunes 19 de enero \u00a0\u00a0\u00a0\u00a0\u00a0\u00a0\u00a0\u00a0\u00a0\u00a0\u00a0\u00a0\u00a0\u00a0\u00a0\u00a0 20-29 a\u00f1os de [&hellip;]<\/p>\n","protected":false},"author":2,"featured_media":1008,"comment_status":"open","ping_status":"closed","sticky":false,"template":"","format":"standard","meta":{"_et_pb_use_builder":"","_et_pb_old_content":"","_et_gb_content_width":"","footnotes":""},"categories":[1],"tags":[],"class_list":["post-997","post","type-post","status-publish","format-standard","has-post-thumbnail","hentry","category-uncategorized"],"_links":{"self":[{"href":"https:\/\/enviosclero.archimadrid.com\/index.php?rest_route=\/wp\/v2\/posts\/997","targetHints":{"allow":["GET"]}}],"collection":[{"href":"https:\/\/enviosclero.archimadrid.com\/index.php?rest_route=\/wp\/v2\/posts"}],"about":[{"href":"https:\/\/enviosclero.archimadrid.com\/index.php?rest_route=\/wp\/v2\/types\/post"}],"author":[{"embeddable":true,"href":"https:\/\/enviosclero.archimadrid.com\/index.php?rest_route=\/wp\/v2\/users\/2"}],"replies":[{"embeddable":true,"href":"https:\/\/enviosclero.archimadrid.com\/index.php?rest_route=%2Fwp%2Fv2%2Fcomments&post=997"}],"version-history":[{"count":2,"href":"https:\/\/enviosclero.archimadrid.com\/index.php?rest_route=\/wp\/v2\/posts\/997\/revisions"}],"predecessor-version":[{"id":1012,"href":"https:\/\/enviosclero.archimadrid.com\/index.php?rest_route=\/wp\/v2\/posts\/997\/revisions\/1012"}],"wp:featuredmedia":[{"embeddable":true,"href":"https:\/\/enviosclero.archimadrid.com\/index.php?rest_route=\/wp\/v2\/media\/1008"}],"wp:attachment":[{"href":"https:\/\/enviosclero.archimadrid.com\/index.php?rest_route=%2Fwp%2Fv2%2Fmedia&parent=997"}],"wp:term":[{"taxonomy":"category","embeddable":true,"href":"https:\/\/enviosclero.archimadrid.com\/index.php?rest_route=%2Fwp%2Fv2%2Fcategories&post=997"},{"taxonomy":"post_tag","embeddable":true,"href":"https:\/\/enviosclero.archimadrid.com\/index.php?rest_route=%2Fwp%2Fv2%2Ftags&post=997"}],"curies":[{"name":"wp","href":"https:\/\/api.w.org\/{rel}","templated":true}]}}