{"id":970,"date":"2025-10-31T16:13:25","date_gmt":"2025-10-31T15:13:25","guid":{"rendered":"https:\/\/enviosclero.archimadrid.com\/?p=970"},"modified":"2025-10-31T16:35:59","modified_gmt":"2025-10-31T15:35:59","slug":"comunica-no-esperes-mas-a-darte-de-alta-en-la-app","status":"publish","type":"post","link":"https:\/\/enviosclero.archimadrid.com\/?p=970","title":{"rendered":"COMUNICA: inst\u00e1late la App antes de fin de noviembre"},"content":{"rendered":"<p>Hace unos d\u00edas, D. Vicente Martin, Obispo auxiliar de Madrid, nos escrib\u00eda a todos los sacerdotes<strong> invit\u00e1ndonos a instalar la aplicaci\u00f3n en nuestros dispositivos m\u00f3viles antes del comienzo del mes de diciembre. <\/strong>Reproducimos a continuaci\u00f3n el texto de la carta:<\/p>\n<p style=\"text-align: right;\">Madrid, 28 octubre de 2025<\/p>\n<p><em>Querido hermano:<\/em><br \/>\n<em>A lo largo de este a\u00f1o, la Archidi\u00f3cesis ha estado desarrollando el Proyecto Comunica como herramienta para crecer juntos en la comuni\u00f3n y la participaci\u00f3n.<\/em><br \/>\n<em>Comunica es una plataforma dise\u00f1ada para facilitar las comunicaciones internas de nuestra di\u00f3cesis, integrando tanto a cl\u00e9rigos, religiosos como a laicos. Su objetivo es ofrecernos un medio \u00fanico, seguro, sencillo y eficaz para llegar a todos los que formamos parte de la labor pastoral de la Iglesia en Madrid. Adem\u00e1s, esta herramienta nos permitir\u00e1 contar con una base de datos actualizada en tiempo real de todos los agentes pastorales, fortaleciendo as\u00ed nuestra comuni\u00f3n y coordinaci\u00f3n.<\/em><br \/>\n<em>Con gran alegr\u00eda os compartimos que, tras el esfuerzo y dedicaci\u00f3n de los responsables y desarrolladores, Comunica est\u00e1 lista para comenzar a funcionar, aunque, es posible que en esta primera etapa detectemos algunos detalles que iremos puliendo con la ayuda del equipo t\u00e9cnico, dado que ha sido desarrollada desde cero.<\/em><br \/>\n<em>Para que sea una herramienta que nos ayude a todos o pedimos, por favor, a todos los sacerdotes de la di\u00f3cesis que, de aqu\u00ed a diciembre, os registr\u00e9is en la plataforma y actualic\u00e9is vuestro perfil con los cargos pastorales que desempe\u00f1\u00e1is. En documento adjunto se os ofrece una peque\u00f1a gu\u00eda para registrarse. Este paso es fundamental para que Comunica pueda desplegar todo su potencial.<\/em><br \/>\n<em>A partir de diciembre, comenzaremos a utilizar esta plataforma de manera habitual y ser\u00e1 una herramienta clave para preparar la Asamblea Presbiteral de los d\u00edas 9 y 10 de febrero. En las pr\u00f3ximas reuniones de arciprestazgo, los arciprestes y los responsables de implantaci\u00f3n del proyecto os acompa\u00f1ar\u00e1n para facilitar el registro en la aplicaci\u00f3n y explicaros sus funciones b\u00e1sicas.<\/em><\/p>\n<p><em>Estamos convencidos de que Comunica nos ayudar\u00e1 a optimizar nuestras comunicaciones, haci\u00e9ndolas m\u00e1s efectivas, reduciendo su volumen y generando un importante ahorro para la di\u00f3cesis. Pero, sobre todo, confiamos en que esta herramienta fortalecer\u00e1 nuestra uni\u00f3n como comunidad eclesial, permiti\u00e9ndonos caminar juntos con mayor entusiasmo y eficacia en nuestra misi\u00f3n.<\/em><br \/>\n<em>Por otra parte, y aprovechando la ocasi\u00f3n de poder dirigirme a cada uno, quiero manifestaros mi agradecimiento por vuestra cercan\u00eda y oraciones con motivo del fallecimiento del obispo Jos\u00e9 Antonio. Su muerte, tan dolorosa para todos, ha propiciado, tambi\u00e9n, una gran comuni\u00f3n eclesial y un gran sentido de pertenencia a este presbiterio de Madrid, del que formamos parte. \u00a1Gracias de coraz\u00f3n!<\/em><br \/>\n<em>Con el deseo que este nuevo curso pastoral sea fruct\u00edfero para todos, os ofrezco mi oraci\u00f3n y bendici\u00f3n para cada uno.<\/em><\/p>\n<p>Vicente Mart\u00edn Mu\u00f1oz<\/p>\n<p>Obispo auxiliar de Madrid<\/p>\n<blockquote><p>Puedes <a href=\"https:\/\/enviosclero.archimadrid.com\/wp-content\/uploads\/2025\/10\/Guia_registro_comunicaA4.pdf\" target=\"_blank\" rel=\"noopener\">descargar AQUI la Guia de Instalaci\u00f3n<\/a>.<\/p>\n<p>Si necesitas ayuda o tienes alguna duda al respecto, puedes preguntar al secretario de tu Vicar\u00eda Territorial para que te oriente. En cada arciprestazgo se ha designado alg\u00fan sacerdote que est\u00e9 atento para ayudar en la implantaci\u00f3n. Si tienes alguna duda espec\u00edfica o alg\u00fan problema t\u00e9cnico que necesitas resolver, puedes contactar con soporte. <a href=\"mailto:comunica@archidiocesis.madrid\">comunica@archidiocesis.madrid<\/a><\/p><\/blockquote>\n<p>&nbsp;<\/p>\n","protected":false},"excerpt":{"rendered":"<p>Hace unos d\u00edas, D. Vicente Martin, Obispo auxiliar de Madrid, nos escrib\u00eda a todos los sacerdotes invit\u00e1ndonos a instalar la aplicaci\u00f3n en nuestros dispositivos m\u00f3viles antes del comienzo del mes de diciembre. Reproducimos a continuaci\u00f3n el texto de la carta: Madrid, 28 octubre de 2025 Querido hermano: A lo largo de este a\u00f1o, la Archidi\u00f3cesis [&hellip;]<\/p>\n","protected":false},"author":2,"featured_media":878,"comment_status":"open","ping_status":"closed","sticky":false,"template":"","format":"standard","meta":{"_et_pb_use_builder":"off","_et_pb_old_content":"","_et_gb_content_width":"","footnotes":""},"categories":[1],"tags":[],"class_list":["post-970","post","type-post","status-publish","format-standard","has-post-thumbnail","hentry","category-uncategorized"],"_links":{"self":[{"href":"https:\/\/enviosclero.archimadrid.com\/index.php?rest_route=\/wp\/v2\/posts\/970","targetHints":{"allow":["GET"]}}],"collection":[{"href":"https:\/\/enviosclero.archimadrid.com\/index.php?rest_route=\/wp\/v2\/posts"}],"about":[{"href":"https:\/\/enviosclero.archimadrid.com\/index.php?rest_route=\/wp\/v2\/types\/post"}],"author":[{"embeddable":true,"href":"https:\/\/enviosclero.archimadrid.com\/index.php?rest_route=\/wp\/v2\/users\/2"}],"replies":[{"embeddable":true,"href":"https:\/\/enviosclero.archimadrid.com\/index.php?rest_route=%2Fwp%2Fv2%2Fcomments&post=970"}],"version-history":[{"count":9,"href":"https:\/\/enviosclero.archimadrid.com\/index.php?rest_route=\/wp\/v2\/posts\/970\/revisions"}],"predecessor-version":[{"id":984,"href":"https:\/\/enviosclero.archimadrid.com\/index.php?rest_route=\/wp\/v2\/posts\/970\/revisions\/984"}],"wp:featuredmedia":[{"embeddable":true,"href":"https:\/\/enviosclero.archimadrid.com\/index.php?rest_route=\/wp\/v2\/media\/878"}],"wp:attachment":[{"href":"https:\/\/enviosclero.archimadrid.com\/index.php?rest_route=%2Fwp%2Fv2%2Fmedia&parent=970"}],"wp:term":[{"taxonomy":"category","embeddable":true,"href":"https:\/\/enviosclero.archimadrid.com\/index.php?rest_route=%2Fwp%2Fv2%2Fcategories&post=970"},{"taxonomy":"post_tag","embeddable":true,"href":"https:\/\/enviosclero.archimadrid.com\/index.php?rest_route=%2Fwp%2Fv2%2Ftags&post=970"}],"curies":[{"name":"wp","href":"https:\/\/api.w.org\/{rel}","templated":true}]}}