{"id":964,"date":"2025-10-30T12:56:20","date_gmt":"2025-10-30T11:56:20","guid":{"rendered":"https:\/\/enviosclero.archimadrid.com\/?p=964"},"modified":"2025-11-01T11:11:11","modified_gmt":"2025-11-01T10:11:11","slug":"ejercicios-espirituales-proxima-tanda-y-calendario-2026","status":"publish","type":"post","link":"https:\/\/enviosclero.archimadrid.com\/?p=964","title":{"rendered":"Ejercicios Espirituales. Pr\u00f3xima tanda y calendario 2026"},"content":{"rendered":"<p>Todav\u00eda est\u00e1s a tiempo para inscribirte en la \u00faltima tanda programada para 2025: del 16 al 21 de noviembre en Becerril de la Sierra (Director P. Elias Royon SJ). Inscripciones en este enlace:<span style=\"font-size: 14px;\">\u00a0<a href=\"https:\/\/forms.office.com\/e\/YaeEnQJGXH\">https:\/\/forms.office.com\/e\/YaeEnQJGXH<\/a><\/span><\/p>\n<p>Para\u00a0 el a\u00f1o 2026 se han organizado las siguientes tandas:<\/p>\n<ul>\n<li>Del 11 al 16 de enero, en Casa de Oraci\u00f3n La Cerca, Los Molinos (Director: D. Emilio Lavaniegos)<\/li>\n<li>Del 8-13 de marzo en Navas de Riofr\u00edo, Segovia (Director: Mons. Cesar Franco Mart\u00ednez)<\/li>\n<li>Del 14-19 de junio, en Villa Santa M\u00f3nica, Becerril de la Sierra (Director: P. Pedro Mendoza SJ)<\/li>\n<li>Del 22-27 de noviembre, en Casa de Oraci\u00f3n La Cerca, Los Molinos\u00a0 (Director: Mons. Atilano Rodr\u00edguez)<\/li>\n<\/ul>\n<p>Las <strong>inscripciones para cualquiera de las tandas de 2026<\/strong> pueden realizarse preferiblemente a trav\u00e9s de este enlace:\u00a0<a href=\"https:\/\/forms.office.com\/e\/cxXrLPsgqH\">https:\/\/forms.office.com\/e\/cxXrLPsgqH. <\/a>En otro caso, tambi\u00e9n puedes inscribirte escribi\u00e9ndonos a vicariaclero@archidiocesis.madrid o llamando a esta Vicar\u00eda para el Clero 91 4546462<\/p>\n","protected":false},"excerpt":{"rendered":"<p>Todav\u00eda est\u00e1s a tiempo para inscribirte en la \u00faltima tanda programada para 2025: del 16 al 21 de noviembre en Becerril de la Sierra (Director P. Elias Royon SJ). Inscripciones en este enlace:\u00a0https:\/\/forms.office.com\/e\/YaeEnQJGXH Para\u00a0 el a\u00f1o 2026 se han organizado las siguientes tandas: Del 11 al 16 de enero, en Casa de Oraci\u00f3n La Cerca, [&hellip;]<\/p>\n","protected":false},"author":2,"featured_media":458,"comment_status":"open","ping_status":"closed","sticky":false,"template":"","format":"standard","meta":{"_et_pb_use_builder":"","_et_pb_old_content":"","_et_gb_content_width":"","footnotes":""},"categories":[1],"tags":[],"class_list":["post-964","post","type-post","status-publish","format-standard","has-post-thumbnail","hentry","category-uncategorized"],"_links":{"self":[{"href":"https:\/\/enviosclero.archimadrid.com\/index.php?rest_route=\/wp\/v2\/posts\/964","targetHints":{"allow":["GET"]}}],"collection":[{"href":"https:\/\/enviosclero.archimadrid.com\/index.php?rest_route=\/wp\/v2\/posts"}],"about":[{"href":"https:\/\/enviosclero.archimadrid.com\/index.php?rest_route=\/wp\/v2\/types\/post"}],"author":[{"embeddable":true,"href":"https:\/\/enviosclero.archimadrid.com\/index.php?rest_route=\/wp\/v2\/users\/2"}],"replies":[{"embeddable":true,"href":"https:\/\/enviosclero.archimadrid.com\/index.php?rest_route=%2Fwp%2Fv2%2Fcomments&post=964"}],"version-history":[{"count":4,"href":"https:\/\/enviosclero.archimadrid.com\/index.php?rest_route=\/wp\/v2\/posts\/964\/revisions"}],"predecessor-version":[{"id":988,"href":"https:\/\/enviosclero.archimadrid.com\/index.php?rest_route=\/wp\/v2\/posts\/964\/revisions\/988"}],"wp:featuredmedia":[{"embeddable":true,"href":"https:\/\/enviosclero.archimadrid.com\/index.php?rest_route=\/wp\/v2\/media\/458"}],"wp:attachment":[{"href":"https:\/\/enviosclero.archimadrid.com\/index.php?rest_route=%2Fwp%2Fv2%2Fmedia&parent=964"}],"wp:term":[{"taxonomy":"category","embeddable":true,"href":"https:\/\/enviosclero.archimadrid.com\/index.php?rest_route=%2Fwp%2Fv2%2Fcategories&post=964"},{"taxonomy":"post_tag","embeddable":true,"href":"https:\/\/enviosclero.archimadrid.com\/index.php?rest_route=%2Fwp%2Fv2%2Ftags&post=964"}],"curies":[{"name":"wp","href":"https:\/\/api.w.org\/{rel}","templated":true}]}}