{"id":959,"date":"2025-10-30T12:42:53","date_gmt":"2025-10-30T11:42:53","guid":{"rendered":"https:\/\/enviosclero.archimadrid.com\/?p=959"},"modified":"2025-10-31T20:20:43","modified_gmt":"2025-10-31T19:20:43","slug":"domingo-9-de-noviembre-solemnidad-de-la-almudena","status":"publish","type":"post","link":"https:\/\/enviosclero.archimadrid.com\/?p=959","title":{"rendered":"Domingo 9 de noviembre: Solemnidad de la Almudena"},"content":{"rendered":"<p>Nuestro Cardenal Arzobispo nos ha dirigido una carta invit\u00e1ndonos a participar en la celebraci\u00f3n solemne de la Almudena y en la comida sacerdotal posterior que tendr\u00e1 lugar en el Seminario Conciliar:<\/p>\n<p><img loading=\"lazy\" decoding=\"async\" class=\" wp-image-960 alignleft\" src=\"https:\/\/enviosclero.archimadrid.com\/wp-content\/uploads\/2025\/10\/EscudoJoseCobo.png\" alt=\"\" width=\"180\" height=\"157\" \/><\/p>\n<p>&nbsp;<\/p>\n<p>&nbsp;<\/p>\n<p>&nbsp;<\/p>\n<p>Estimado hermano sacerdote.<\/p>\n<p>Con motivo de la festividad de Santa Mar\u00eda la Real de la Almudena, quiero invitarte a participar de la solemne eucarist\u00eda que celebraremos el d\u00eda 9 de noviembre a las 11h. en la plaza de la Almudena.<\/p>\n<p>Una vez terminada la misa, tendr\u00e1 lugar la tradicional procesi\u00f3n con la imagen de la Virgen por el centro de Madrid. Te animo a participar tambi\u00e9n de este momento de manifestaci\u00f3n p\u00fablica de nuestra fe como muestra de cari\u00f1o a nuestra Madre.<\/p>\n<p>Finalizada la procesi\u00f3n tendremos ocasi\u00f3n de regalarnos un tiempo de fraternidad compartiendo la comida en el Seminario. Para poder organizarlo de la mejor manera, es muy importante que confirmes tu asistencia para tener los puestos necesarios preparados.<\/p>\n<p>Consciente de que este a\u00f1o, al caer en domingo, lo tendr\u00e1s m\u00e1s complicado para liberarte de las ocupaciones que tienes, espero que puedas estar presente en alguno de los momentos para celebrar juntos a nuestra querida Patrona.<\/p>\n<p>Con mi afectuoso saludo y bendici\u00f3n.<\/p>\n<p>+ Jos\u00e9 Cobo Cano<\/p>\n<p>CARDENAL ARZOBISPO DE MADRID<\/p>\n<p>Si vas a venir a concelebrar, en el enlace que se adjunta en este correo podr\u00e9is descargar vuestra acreditaci\u00f3n e\/o indicar si os vais a quedar en la comida. Os ruego que sig\u00e1is las indicaciones de la nueva plataforma para que todo transcurra de la mejor manera posible y podamos organizar toda la log\u00edstica. Pod\u00e9is descargaros las acreditaciones para asistir a la Eucarist\u00eda <strong>antes del 7 de noviembre. <\/strong>Por razones de orden y seguridad, <strong>es obligatorio que todos llev\u00e9is la correspondiente acreditaci\u00f3n<\/strong> para poder acceder.<\/p>\n<p>Deber\u00e1s traer alba y estola blanca. Nos revestiremos en la Catedral a las 10:00 h. entrando por la C\/ Bail\u00e9n.<\/p>\n<p>NOTA: para su correcta visualizaci\u00f3n, este enlace ha de ser abierto desde un ordenador:<\/p>\n<p><a href=\"https:\/\/celebracion.archimadrid.org\/i\/jG6ArZe4zJzCSJ1po8Z2xIqlP0sbfuNw\">https:\/\/celebracion.archimadrid.org\/i\/jG6ArZe4zJzCSJ1po8Z2xIqlP0sbfuNw<\/a><\/p>\n<p>&nbsp;<\/p>\n","protected":false},"excerpt":{"rendered":"<p>Nuestro Cardenal Arzobispo nos ha dirigido una carta invit\u00e1ndonos a participar en la celebraci\u00f3n solemne de la Almudena y en la comida sacerdotal posterior que tendr\u00e1 lugar en el Seminario Conciliar: &nbsp; &nbsp; &nbsp; Estimado hermano sacerdote. Con motivo de la festividad de Santa Mar\u00eda la Real de la Almudena, quiero invitarte a participar de [&hellip;]<\/p>\n","protected":false},"author":2,"featured_media":963,"comment_status":"open","ping_status":"closed","sticky":false,"template":"","format":"standard","meta":{"_et_pb_use_builder":"","_et_pb_old_content":"","_et_gb_content_width":"","footnotes":""},"categories":[1],"tags":[],"class_list":["post-959","post","type-post","status-publish","format-standard","has-post-thumbnail","hentry","category-uncategorized"],"_links":{"self":[{"href":"https:\/\/enviosclero.archimadrid.com\/index.php?rest_route=\/wp\/v2\/posts\/959","targetHints":{"allow":["GET"]}}],"collection":[{"href":"https:\/\/enviosclero.archimadrid.com\/index.php?rest_route=\/wp\/v2\/posts"}],"about":[{"href":"https:\/\/enviosclero.archimadrid.com\/index.php?rest_route=\/wp\/v2\/types\/post"}],"author":[{"embeddable":true,"href":"https:\/\/enviosclero.archimadrid.com\/index.php?rest_route=\/wp\/v2\/users\/2"}],"replies":[{"embeddable":true,"href":"https:\/\/enviosclero.archimadrid.com\/index.php?rest_route=%2Fwp%2Fv2%2Fcomments&post=959"}],"version-history":[{"count":2,"href":"https:\/\/enviosclero.archimadrid.com\/index.php?rest_route=\/wp\/v2\/posts\/959\/revisions"}],"predecessor-version":[{"id":962,"href":"https:\/\/enviosclero.archimadrid.com\/index.php?rest_route=\/wp\/v2\/posts\/959\/revisions\/962"}],"wp:featuredmedia":[{"embeddable":true,"href":"https:\/\/enviosclero.archimadrid.com\/index.php?rest_route=\/wp\/v2\/media\/963"}],"wp:attachment":[{"href":"https:\/\/enviosclero.archimadrid.com\/index.php?rest_route=%2Fwp%2Fv2%2Fmedia&parent=959"}],"wp:term":[{"taxonomy":"category","embeddable":true,"href":"https:\/\/enviosclero.archimadrid.com\/index.php?rest_route=%2Fwp%2Fv2%2Fcategories&post=959"},{"taxonomy":"post_tag","embeddable":true,"href":"https:\/\/enviosclero.archimadrid.com\/index.php?rest_route=%2Fwp%2Fv2%2Ftags&post=959"}],"curies":[{"name":"wp","href":"https:\/\/api.w.org\/{rel}","templated":true}]}}