{"id":955,"date":"2025-10-30T12:22:57","date_gmt":"2025-10-30T11:22:57","guid":{"rendered":"https:\/\/enviosclero.archimadrid.com\/?p=955"},"modified":"2025-10-31T22:09:38","modified_gmt":"2025-10-31T21:09:38","slug":"retiro-sacerdotes-jovenes-4-5-noviembre","status":"publish","type":"post","link":"https:\/\/enviosclero.archimadrid.com\/?p=955","title":{"rendered":"Pr\u00f3ximo retiro sacerdotes j\u00f3venes: 4-5 de noviembre"},"content":{"rendered":"<p>Os recordamos que el pr\u00f3ximo martes 4 y mi\u00e9rcoles 5 de noviembre tendremos el retiro habitual para los sacerdotes ordenados en los \u00faltimos a\u00f1os. Ser\u00e1 en la casa de las Esclavas de Cristo Rey c\/ Arturo Soria 228.<\/p>\n<p>Nos acompa\u00f1ar\u00e1 e introducir\u00e1 en la oraci\u00f3n Nicolas Alvarez de las Asturias, rector de la Universidad San D\u00e1maso. Al final del retiro tendremos un coloquio con \u00e9l. La Casa necesita cuanto antes los datos definitivos de participaci\u00f3n. Pod\u00e9is apuntaros en el siguiente formulario:<\/p>\n<p style=\"margin: 0cm; text-align: center;\" align=\"center\"><span style=\"font-size: 10.5pt; font-family: 'Helvetica',sans-serif; color: blue;\"><a title=\"https:\/\/forms.office.com\/e\/nEwMfvU15f\" href=\"https:\/\/enviosclero.archimadrid.com\/index.php?page=acymailing_front&amp;ctrl=fronturl&amp;task=click&amp;urlid=216&amp;userid=1&amp;mailid=244&amp;noheader=1\" target=\"_blank\" rel=\"noopener\"><span style=\"text-decoration: none; text-underline: none;\">\u00a0https:\/\/forms.office.com\/e\/nEwMfvU15f<\/span><\/a><\/span><\/p>\n<p style=\"text-align: left;\" align=\"center\">Ayud\u00e9monos entre todos con nuestra presencia a que estos retiros sean lugar de pararnos en medio de tanta actividad, de cultivar nuestra amistad con Cristo , y de fraternidad entre nosotros. Os invito a priorizar estos momentos e intentar asistir a todo el retiro.<\/p>\n<p>&nbsp;<\/p>\n","protected":false},"excerpt":{"rendered":"<p>Os recordamos que el pr\u00f3ximo martes 4 y mi\u00e9rcoles 5 de noviembre tendremos el retiro habitual para los sacerdotes ordenados en los \u00faltimos a\u00f1os. Ser\u00e1 en la casa de las Esclavas de Cristo Rey c\/ Arturo Soria 228. Nos acompa\u00f1ar\u00e1 e introducir\u00e1 en la oraci\u00f3n Nicolas Alvarez de las Asturias, rector de la Universidad San [&hellip;]<\/p>\n","protected":false},"author":2,"featured_media":524,"comment_status":"open","ping_status":"closed","sticky":false,"template":"","format":"standard","meta":{"_et_pb_use_builder":"","_et_pb_old_content":"","_et_gb_content_width":"","footnotes":""},"categories":[1],"tags":[],"class_list":["post-955","post","type-post","status-publish","format-standard","has-post-thumbnail","hentry","category-uncategorized"],"_links":{"self":[{"href":"https:\/\/enviosclero.archimadrid.com\/index.php?rest_route=\/wp\/v2\/posts\/955","targetHints":{"allow":["GET"]}}],"collection":[{"href":"https:\/\/enviosclero.archimadrid.com\/index.php?rest_route=\/wp\/v2\/posts"}],"about":[{"href":"https:\/\/enviosclero.archimadrid.com\/index.php?rest_route=\/wp\/v2\/types\/post"}],"author":[{"embeddable":true,"href":"https:\/\/enviosclero.archimadrid.com\/index.php?rest_route=\/wp\/v2\/users\/2"}],"replies":[{"embeddable":true,"href":"https:\/\/enviosclero.archimadrid.com\/index.php?rest_route=%2Fwp%2Fv2%2Fcomments&post=955"}],"version-history":[{"count":7,"href":"https:\/\/enviosclero.archimadrid.com\/index.php?rest_route=\/wp\/v2\/posts\/955\/revisions"}],"predecessor-version":[{"id":987,"href":"https:\/\/enviosclero.archimadrid.com\/index.php?rest_route=\/wp\/v2\/posts\/955\/revisions\/987"}],"wp:featuredmedia":[{"embeddable":true,"href":"https:\/\/enviosclero.archimadrid.com\/index.php?rest_route=\/wp\/v2\/media\/524"}],"wp:attachment":[{"href":"https:\/\/enviosclero.archimadrid.com\/index.php?rest_route=%2Fwp%2Fv2%2Fmedia&parent=955"}],"wp:term":[{"taxonomy":"category","embeddable":true,"href":"https:\/\/enviosclero.archimadrid.com\/index.php?rest_route=%2Fwp%2Fv2%2Fcategories&post=955"},{"taxonomy":"post_tag","embeddable":true,"href":"https:\/\/enviosclero.archimadrid.com\/index.php?rest_route=%2Fwp%2Fv2%2Ftags&post=955"}],"curies":[{"name":"wp","href":"https:\/\/api.w.org\/{rel}","templated":true}]}}