{"id":950,"date":"2025-10-30T12:16:35","date_gmt":"2025-10-30T11:16:35","guid":{"rendered":"https:\/\/enviosclero.archimadrid.com\/?p=950"},"modified":"2025-10-30T13:13:44","modified_gmt":"2025-10-30T12:13:44","slug":"retiro-sacerdotes-estudiantes-sabado-22-de-noviembre","status":"publish","type":"post","link":"https:\/\/enviosclero.archimadrid.com\/?p=950","title":{"rendered":"Retiro sacerdotes estudiantes sabado 22 de noviembre"},"content":{"rendered":"<p>El <strong>s\u00e1bado 22 de noviembre, a las 11 h<\/strong>, el Vicario Episcopal para la Vida Consagrada, P. Aurelio Cay\u00f3n, dirigir\u00e1 el pr\u00f3ximo retiro para sacerdotes acogidos en Madrid por motivo de estudios..<\/p>\n<p>Nos encontraremos en el Seminario Conciliar de Madrid, calle San Buenaventura n\u00ba9<\/p>\n<p>Es necesario que comuniqu\u00e9is con suficiente antelaci\u00f3n vuestra intenci\u00f3n de participar a trav\u00e9s del siguiente enlace <span style=\"color: #993300;\">antes del martes18 de noviembre<\/span>:<\/p>\n<p style=\"text-align: center;\"><a href=\"https:\/\/forms.office.com\/e\/4iePz0wd7j\">https:\/\/forms.office.com\/e\/4iePz0wd7j<\/a><\/p>\n","protected":false},"excerpt":{"rendered":"<p>El s\u00e1bado 22 de noviembre, a las 11 h, el Vicario Episcopal para la Vida Consagrada, P. Aurelio Cay\u00f3n, dirigir\u00e1 el pr\u00f3ximo retiro para sacerdotes acogidos en Madrid por motivo de estudios.. Nos encontraremos en el Seminario Conciliar de Madrid, calle San Buenaventura n\u00ba9 Es necesario que comuniqu\u00e9is con suficiente antelaci\u00f3n vuestra intenci\u00f3n de participar [&hellip;]<\/p>\n","protected":false},"author":2,"featured_media":333,"comment_status":"open","ping_status":"closed","sticky":false,"template":"","format":"standard","meta":{"_et_pb_use_builder":"","_et_pb_old_content":"","_et_gb_content_width":"","footnotes":""},"categories":[1],"tags":[],"class_list":["post-950","post","type-post","status-publish","format-standard","has-post-thumbnail","hentry","category-uncategorized"],"_links":{"self":[{"href":"https:\/\/enviosclero.archimadrid.com\/index.php?rest_route=\/wp\/v2\/posts\/950","targetHints":{"allow":["GET"]}}],"collection":[{"href":"https:\/\/enviosclero.archimadrid.com\/index.php?rest_route=\/wp\/v2\/posts"}],"about":[{"href":"https:\/\/enviosclero.archimadrid.com\/index.php?rest_route=\/wp\/v2\/types\/post"}],"author":[{"embeddable":true,"href":"https:\/\/enviosclero.archimadrid.com\/index.php?rest_route=\/wp\/v2\/users\/2"}],"replies":[{"embeddable":true,"href":"https:\/\/enviosclero.archimadrid.com\/index.php?rest_route=%2Fwp%2Fv2%2Fcomments&post=950"}],"version-history":[{"count":4,"href":"https:\/\/enviosclero.archimadrid.com\/index.php?rest_route=\/wp\/v2\/posts\/950\/revisions"}],"predecessor-version":[{"id":954,"href":"https:\/\/enviosclero.archimadrid.com\/index.php?rest_route=\/wp\/v2\/posts\/950\/revisions\/954"}],"wp:featuredmedia":[{"embeddable":true,"href":"https:\/\/enviosclero.archimadrid.com\/index.php?rest_route=\/wp\/v2\/media\/333"}],"wp:attachment":[{"href":"https:\/\/enviosclero.archimadrid.com\/index.php?rest_route=%2Fwp%2Fv2%2Fmedia&parent=950"}],"wp:term":[{"taxonomy":"category","embeddable":true,"href":"https:\/\/enviosclero.archimadrid.com\/index.php?rest_route=%2Fwp%2Fv2%2Fcategories&post=950"},{"taxonomy":"post_tag","embeddable":true,"href":"https:\/\/enviosclero.archimadrid.com\/index.php?rest_route=%2Fwp%2Fv2%2Ftags&post=950"}],"curies":[{"name":"wp","href":"https:\/\/api.w.org\/{rel}","templated":true}]}}