{"id":923,"date":"2025-10-03T09:49:06","date_gmt":"2025-10-03T08:49:06","guid":{"rendered":"https:\/\/enviosclero.archimadrid.com\/?p=923"},"modified":"2025-10-03T11:14:57","modified_gmt":"2025-10-03T10:14:57","slug":"sequere-me-in-memoriam-d-jose-antonio-alvarez-sanchez-1975-2025","status":"publish","type":"post","link":"https:\/\/enviosclero.archimadrid.com\/?p=923","title":{"rendered":"Sequere me. In memoriam D. Jos\u00e9 Antonio \u00c1lvarez S\u00e1nchez (1975-2025)"},"content":{"rendered":"<p><img loading=\"lazy\" decoding=\"async\" class=\"aligncenter size-full wp-image-930\" src=\"https:\/\/enviosclero.archimadrid.com\/wp-content\/uploads\/2025\/10\/Escudo_Jose_Antonio_Alvarez.jpg\" alt=\"\" width=\"545\" height=\"532\" srcset=\"https:\/\/enviosclero.archimadrid.com\/wp-content\/uploads\/2025\/10\/Escudo_Jose_Antonio_Alvarez.jpg 545w, https:\/\/enviosclero.archimadrid.com\/wp-content\/uploads\/2025\/10\/Escudo_Jose_Antonio_Alvarez-480x469.jpg 480w\" sizes=\"(min-width: 0px) and (max-width: 480px) 480px, (min-width: 481px) 545px, 100vw\" \/>El repentino fallecimiento de D. Jos\u00e9 Antonio \u00c1lvarez (1975-2025), Pepe como le conoc\u00edamos pr\u00e1cticamente todos los sacerdotes de Madrid, ha sido un acontecimiento que nos ha llenado de dolor, pero al mismo tiempo ha sido un verdadero testimonio de la esperanza cristiana en la resurrecci\u00f3n. Nacido en nuestra ciudad de Madrid, creci\u00f3 cristiana y vocacionalmente muy cerca de las Hermanas Oblatas de Cristo Sacerdote y de la espiritualidad sacerdotal de Garc\u00eda Lahiguera. Fue ordenado presb\u00edtero el 18 de junio del a\u00f1o 2000. Conoc\u00eda en profundidad la vida de la Di\u00f3cesis, puesto que se le encomendaron diversas misiones en su ministerio presbiteral:\u00a0vicario parroquial de Nuestra Se\u00f1ora de la Fuensanta,\u00a0capell\u00e1n universitario,\u00a0formador del\u00a0Seminario menor y profesor del\u00a0Colegio arzobispal,\u00a0capell\u00e1n de las Oblatas de Cristo\u00a0Sacerdote,\u00a0secretario personal de Mons. C\u00e9sar Franco,formador\u00a0y rector\u00a0de\u00a0nuestro\u00a0Seminario\u00a0mayor, y\u00a0director espiritual\u00a0de\u00a0Cursillos\u00a0de Cristiandad, donde tuvo una relaci\u00f3n de especial cercan\u00eda con el Siervo de Dios Sebasti\u00e1n Gay\u00e1 Riera. El papa Francisco lo nombr\u00f3 obispo auxiliar de nuestra di\u00f3cesis, siendo ordenado obispo el 6 de julio de 2024.<\/p>\n<p>De su homil\u00eda en la Fiesta de Santa Teresa de Calcula en las Misioneras de la Caridad del Paseo de la Ermita del Santo:<\/p>\n<p><em>\u00abQu\u00e9 bien ha comprendido ella\u00a0[santa Teresa de Calcuta]\u00a0que\u00a0nuestro\u00a0camino es un camino de siembra, de peque\u00f1as semillas, que hacen posible superar el desaliento o el \u00e9xito inmediato. Algo que tambi\u00e9n nosotros, querido hermanos, tenemos que aprender. Seguir sembrando, no como salvadores sino como testigos de esperanza que contribuyen al gran deseo de Dios: que los hombres vivan.<\/em><\/p>\n<p><em>Dec\u00eda tambi\u00e9n Madre Teresa: \u201clos pobres son la esperanza del mundo porque nos proporcionan la ocasi\u00f3n de amar a Dios a trav\u00e9s de ellos. Son el don de Dios a la humanidad para que nos ense\u00f1en una manera diferente de amarlo, buscando siempre la manera de dignificarlos y rescatarlos\u201d. Es necesario, hermanos, tambi\u00e9n aprender a mirar as\u00ed, como ella, la realidad. Movidos y sostenidos por la Palabra de Dios, que nos permite comprender, m\u00e1s all\u00e1 de nuestra l\u00f3gica humana, que es siempre tan limitada, o qued\u00e1ndonos como tantas veces lo hacemos en nuestros prejuicios, o en nuestra simple ideolog\u00eda. Los pobres son la esperanza porque nos permiten amar a Dios a trav\u00e9s de ellos.<\/em><\/p>\n<p><em>Y finalmente la Madre Teresa sufri\u00f3 por la esperanza, fue forjada en la c\u00e1tedra de la esperanza (&#8230;) Ser peregrino de esperanza, queridos hermanos, nos dispone tambi\u00e9n a vivir las noches de nuestra vida, las dificultades que a veces se nos pueden presentar y se nos presentan, pero siempre unidos a quien es la fuente de esperanza y de toda sabidur\u00eda, Jesucristo el Se\u00f1or. \u00c9l, en el misterio de la Pascua, nos ha revelado su Amor, un amor verdadero porque es un amor hasta el extremo. Un amor que no ha rehuido nada de lo humano, haciendo tambi\u00e9n suyo nuestros l\u00edmites y nuestros sufrimientos, para hacernos as\u00ed part\u00edcipes de la vida plena y redimida.\u00bb<\/em><\/p>\n<p>Homil\u00eda del Cardenal en la Misa del d\u00eda de su fallecimiento:<\/p>\n<p><a href=\"https:\/\/www.archimadrid.org\/index.php\/arzobispo-3\/homilias-cobo\/homilia-del-cardenal-jose-cobo-en-la-eucaristia-por-el-eterno-descanso-de-monsenor-jose-antonio-alvarez-obispo-auxiliar-01-10-25\">https:\/\/www.archimadrid.org\/index.php\/arzobispo-3\/homilias-cobo\/homilia-del-cardenal-jose-cobo-en-la-eucaristia-por-el-eterno-descanso-de-monsenor-jose-antonio-alvarez-obispo-auxiliar-01-10-25<\/a><\/p>\n<p>Noticia de la Misa en el d\u00eda de su sepultura y homil\u00eda del Cardenal:<\/p>\n<p><a href=\"https:\/\/www.archimadrid.org\/index.php\/oficina-de-informacion\/noticias-madrid\/diocesis-madrid-despide-obispo-auxiliar-jose-antonio-alvarez-profundo-agradecimiento-entrega-cercana\">https:\/\/www.archimadrid.org\/index.php\/oficina-de-informacion\/noticias-madrid\/diocesis-madrid-despide-obispo-auxiliar-jose-antonio-alvarez-profundo-agradecimiento-entrega-cercana<\/a><\/p>\n","protected":false},"excerpt":{"rendered":"<p>El repentino fallecimiento de D. Jos\u00e9 Antonio \u00c1lvarez (1975-2025), Pepe como le conoc\u00edamos pr\u00e1cticamente todos los sacerdotes de Madrid, ha sido un acontecimiento que nos ha llenado de dolor, pero al mismo tiempo ha sido un verdadero testimonio de la esperanza cristiana en la resurrecci\u00f3n. Nacido en nuestra ciudad de Madrid, creci\u00f3 cristiana y vocacionalmente [&hellip;]<\/p>\n","protected":false},"author":2,"featured_media":0,"comment_status":"open","ping_status":"closed","sticky":false,"template":"","format":"standard","meta":{"_et_pb_use_builder":"","_et_pb_old_content":"","_et_gb_content_width":"","footnotes":""},"categories":[1],"tags":[],"class_list":["post-923","post","type-post","status-publish","format-standard","hentry","category-uncategorized"],"_links":{"self":[{"href":"https:\/\/enviosclero.archimadrid.com\/index.php?rest_route=\/wp\/v2\/posts\/923","targetHints":{"allow":["GET"]}}],"collection":[{"href":"https:\/\/enviosclero.archimadrid.com\/index.php?rest_route=\/wp\/v2\/posts"}],"about":[{"href":"https:\/\/enviosclero.archimadrid.com\/index.php?rest_route=\/wp\/v2\/types\/post"}],"author":[{"embeddable":true,"href":"https:\/\/enviosclero.archimadrid.com\/index.php?rest_route=\/wp\/v2\/users\/2"}],"replies":[{"embeddable":true,"href":"https:\/\/enviosclero.archimadrid.com\/index.php?rest_route=%2Fwp%2Fv2%2Fcomments&post=923"}],"version-history":[{"count":6,"href":"https:\/\/enviosclero.archimadrid.com\/index.php?rest_route=\/wp\/v2\/posts\/923\/revisions"}],"predecessor-version":[{"id":939,"href":"https:\/\/enviosclero.archimadrid.com\/index.php?rest_route=\/wp\/v2\/posts\/923\/revisions\/939"}],"wp:attachment":[{"href":"https:\/\/enviosclero.archimadrid.com\/index.php?rest_route=%2Fwp%2Fv2%2Fmedia&parent=923"}],"wp:term":[{"taxonomy":"category","embeddable":true,"href":"https:\/\/enviosclero.archimadrid.com\/index.php?rest_route=%2Fwp%2Fv2%2Fcategories&post=923"},{"taxonomy":"post_tag","embeddable":true,"href":"https:\/\/enviosclero.archimadrid.com\/index.php?rest_route=%2Fwp%2Fv2%2Ftags&post=923"}],"curies":[{"name":"wp","href":"https:\/\/api.w.org\/{rel}","templated":true}]}}