{"id":913,"date":"2025-10-03T08:08:13","date_gmt":"2025-10-03T07:08:13","guid":{"rendered":"https:\/\/enviosclero.archimadrid.com\/?p=913"},"modified":"2025-10-03T10:15:28","modified_gmt":"2025-10-03T09:15:28","slug":"fase-inicial-asamblea-presbiteral","status":"publish","type":"post","link":"https:\/\/enviosclero.archimadrid.com\/?p=913","title":{"rendered":"Fase inicial Asamblea Presbiteral"},"content":{"rendered":"<p>Nuestro Arzobispo, D. Jos\u00e9, nos ha convocado, a todos los sacerdotes que estamos en la di\u00f3cesis de Madrid, a celebrar una<strong> Asamblea Presbiteral los d\u00edas 9 y\u00a010 de febrero<\/strong> del 2026.<\/p>\n<p>Es una oportunidad para dar gracias juntos al Se\u00f1or por el don de nuestra vocaci\u00f3n, tomar conciencia de c\u00f3mo nos encontramos en estos momentos, compartir cu\u00e1les son nuestras preocupaciones, visibilizar nuestra fraternidad sacerdotal viviendo la comuni\u00f3n, y ayudarnos a responder a la Misi\u00f3n ante los apasionantes retos que tenemos para llevarla a cabo. Nos volveremos a preguntar qu\u00e9 pastores necesita hoy Madrid. \u00a1Un reto para todos nosotros!<\/p>\n<p>Tendremos una <strong>fase inicial, que abarcar\u00e1 desde octubre a enero,<\/strong> donde vamos a orar y reflexionar, personal y comunitariamente, sobre c\u00f3mo estamos, qu\u00e9 necesitamos, cu\u00e1les son las mayores preocupaciones de cara a nuestra Misi\u00f3n&#8230;<\/p>\n<p>Ser\u00e1n meses donde podremos plantear nuestras propuestas antes de la Asamblea.<\/p>\n<p>En los diez primeros d\u00edas de octubre, recibir\u00e9is los materiales de reflexi\u00f3n:<\/p>\n<ul>\n<li><strong>Trabajo personal,<\/strong> para que cada sacerdote pueda ir vi\u00e9ndose interiormente desde la Palabra de Dios, el Magisterio de los Papas y de nuestro Arzobispo y el testimonio de figuras sacerdotales referentes en Madrid. Quien lo desee puede hacer ya propuestas concretas de cara al momento de la Asamblea.<\/li>\n<li><strong>Reuniones de arciprestazgo,<\/strong>\u00a0para tomar el pulso a nuestro quehacer com\u00fan.<\/li>\n<li><strong>Consejos pastorales parroquiales o Asambleas parroquiales<\/strong><em>.<\/em>\u00a0Os pedimos que en este trimestre dediqu\u00e9is uno de los Consejos pastorales a reflexionar c\u00f3mo ven nuestras comunidades a los sacerdotes y qu\u00e9 nos dir\u00edan. Las conclusiones nos las envi\u00e1is antes del\u00a015 de diciembre.<\/li>\n<li><strong>Encuentros para la Misi\u00f3n\u00a0por Vicarias territoriales<\/strong>. En este primer trimestre estudiaremos el Informe sobre el clero de Madrid, as\u00ed como la realidad y los retos de nuestro Madrid. Igualmente, nos envi\u00e1is las propuestas que salgan al tener las reuniones por Vicarias.<\/li>\n<\/ul>\n<p><span data-setdir=\"false\">Pidamos unos por otros. Prepar\u00e9monos y ayud\u00e9monos, entre los sacerdotes, a este momento de escucha, participaci\u00f3n y compromiso de cara a la Misi\u00f3n. \u00a1Es el Se\u00f1or quien nos llama a ello! y espera nuestra respuesta.<\/span><\/p>\n<blockquote><p>La Iglesia ( Ekklesia) es la asamblea reunida por el Se\u00f1or.<\/p><\/blockquote>\n<p>&nbsp;<\/p>\n","protected":false},"excerpt":{"rendered":"<p>Nuestro Arzobispo, D. Jos\u00e9, nos ha convocado, a todos los sacerdotes que estamos en la di\u00f3cesis de Madrid, a celebrar una Asamblea Presbiteral los d\u00edas 9 y\u00a010 de febrero del 2026. Es una oportunidad para dar gracias juntos al Se\u00f1or por el don de nuestra vocaci\u00f3n, tomar conciencia de c\u00f3mo nos encontramos en estos momentos, [&hellip;]<\/p>\n","protected":false},"author":2,"featured_media":844,"comment_status":"open","ping_status":"closed","sticky":false,"template":"","format":"standard","meta":{"_et_pb_use_builder":"","_et_pb_old_content":"","_et_gb_content_width":"","footnotes":""},"categories":[1],"tags":[],"class_list":["post-913","post","type-post","status-publish","format-standard","has-post-thumbnail","hentry","category-uncategorized"],"_links":{"self":[{"href":"https:\/\/enviosclero.archimadrid.com\/index.php?rest_route=\/wp\/v2\/posts\/913","targetHints":{"allow":["GET"]}}],"collection":[{"href":"https:\/\/enviosclero.archimadrid.com\/index.php?rest_route=\/wp\/v2\/posts"}],"about":[{"href":"https:\/\/enviosclero.archimadrid.com\/index.php?rest_route=\/wp\/v2\/types\/post"}],"author":[{"embeddable":true,"href":"https:\/\/enviosclero.archimadrid.com\/index.php?rest_route=\/wp\/v2\/users\/2"}],"replies":[{"embeddable":true,"href":"https:\/\/enviosclero.archimadrid.com\/index.php?rest_route=%2Fwp%2Fv2%2Fcomments&post=913"}],"version-history":[{"count":3,"href":"https:\/\/enviosclero.archimadrid.com\/index.php?rest_route=\/wp\/v2\/posts\/913\/revisions"}],"predecessor-version":[{"id":916,"href":"https:\/\/enviosclero.archimadrid.com\/index.php?rest_route=\/wp\/v2\/posts\/913\/revisions\/916"}],"wp:featuredmedia":[{"embeddable":true,"href":"https:\/\/enviosclero.archimadrid.com\/index.php?rest_route=\/wp\/v2\/media\/844"}],"wp:attachment":[{"href":"https:\/\/enviosclero.archimadrid.com\/index.php?rest_route=%2Fwp%2Fv2%2Fmedia&parent=913"}],"wp:term":[{"taxonomy":"category","embeddable":true,"href":"https:\/\/enviosclero.archimadrid.com\/index.php?rest_route=%2Fwp%2Fv2%2Fcategories&post=913"},{"taxonomy":"post_tag","embeddable":true,"href":"https:\/\/enviosclero.archimadrid.com\/index.php?rest_route=%2Fwp%2Fv2%2Ftags&post=913"}],"curies":[{"name":"wp","href":"https:\/\/api.w.org\/{rel}","templated":true}]}}