{"id":867,"date":"2025-09-07T18:09:12","date_gmt":"2025-09-07T17:09:12","guid":{"rendered":"https:\/\/enviosclero.archimadrid.com\/?p=867"},"modified":"2025-09-10T10:07:25","modified_gmt":"2025-09-10T09:07:25","slug":"disponible-la-nueva-app-comunica-para-no-te-pierdas-nada","status":"publish","type":"post","link":"https:\/\/enviosclero.archimadrid.com\/?p=867","title":{"rendered":"Disponible la nueva APP COMUNICA: para que no te pierdas nada"},"content":{"rendered":"<p>Durante el pasado curso se ha estado trabajando en el desarrollo de un proyecto de comunicaci\u00f3n interna para la Iglesia diocesana de Madrid que por fin sale a la luz. Se trata de una aplicaci\u00f3n, similar a las que tenemos instaladas en nuestro tel\u00e9fono m\u00f3vil y\/o tablet y tan sencilla de utilizar como la archiconocida Whatsapp.<\/p>\n<p><strong>\u00bfA qui\u00e9n va dirigida esta aplicaci\u00f3n?<\/strong><\/p>\n<p>La app Comunica va dirigida a los sacerdotes con oficio pastoral en esta Archidi\u00f3cesis y a todos aquellos que tambi\u00e9n trabajan en \u00e1mbitos de acci\u00f3n pastoral (delegaciones, mesas de trabajo, centros de ense\u00f1anza etc) y de la Curia diocesana. La instalaci\u00f3n de dicha aplicaci\u00f3n lleva consigo un proceso de autenticaci\u00f3n interna, de modo que solamente aquellos que est\u00e1n relacionados con el trabajo pastoral en la Archidi\u00f3cesis podr\u00e1n tener acceso a este servicio.<\/p>\n<p><strong>\u00bfPara que sirve?<\/strong><\/p>\n<ul>\n<li>Para que a cada uno de sus usuarios pueda llegar la informaci\u00f3n que necesita de la actividad Diocesana, de Vicar\u00eda, de Arciprestazgo o de las \u00e1reas de pastoral, de un modo personalizado<\/li>\n<li>Para facilitar la localizaci\u00f3n de los documentos relevantes en un solo lugar: convocatorias, circulares, avisos, notificaciones, informes etc.<\/li>\n<li>Para simplificar el proceso de comunicaci\u00f3n, tanto para los emisores como para los receptores, de modo que toda la informaci\u00f3n que actualmente nos llega por diversos canales (correo postal, correo electr\u00f3nico y mensajer\u00eda instant\u00e1nea) se concentre en un solo canal. De este modo sabremos que toda la informaci\u00f3n que necesitamos est\u00e1 disponible en un \u00fanico lugar.<\/li>\n<li>Para reducir lo m\u00e1ximo posible el uso del papel y el correo postal en las comunicaciones.<\/li>\n<\/ul>\n<p><strong>\u00bfC\u00f3mo puedo instalarla en mi dispositivo m\u00f3vil?<\/strong><\/p>\n<ul>\n<li>Se han preparado unas instrucciones que puedes descargar aqui: <a href=\"https:\/\/enviosclero.archimadrid.com\/wp-content\/uploads\/2025\/09\/REGISTRO_COMUNICA.pdf\">REGISTRO_COMUNICA<\/a><\/li>\n<li>Para cualquier duda puedes preguntar al secretario de tu Vicar\u00eda Territorial para que te oriente. En cada arciprestazgo se ha designado alg\u00fan sacerdote que est\u00e9 atento para ayudar en la implantaci\u00f3n. Si tienes alguna duda espec\u00edfica o alg\u00fan problema t\u00e9cnico que necesitas resolver, puedes contactar con soporte.<a href=\"mailto:comunica@archidiocesis.madrid\">comunica@archidiocesis.madrid<\/a><\/li>\n<\/ul>\n<p>&nbsp;<\/p>\n","protected":false},"excerpt":{"rendered":"<p>Durante el pasado curso se ha estado trabajando en el desarrollo de un proyecto de comunicaci\u00f3n interna para la Iglesia diocesana de Madrid que por fin sale a la luz. Se trata de una aplicaci\u00f3n, similar a las que tenemos instaladas en nuestro tel\u00e9fono m\u00f3vil y\/o tablet y tan sencilla de utilizar como la archiconocida [&hellip;]<\/p>\n","protected":false},"author":2,"featured_media":872,"comment_status":"open","ping_status":"closed","sticky":false,"template":"","format":"standard","meta":{"_et_pb_use_builder":"","_et_pb_old_content":"","_et_gb_content_width":"","footnotes":""},"categories":[1],"tags":[],"class_list":["post-867","post","type-post","status-publish","format-standard","has-post-thumbnail","hentry","category-uncategorized"],"_links":{"self":[{"href":"https:\/\/enviosclero.archimadrid.com\/index.php?rest_route=\/wp\/v2\/posts\/867","targetHints":{"allow":["GET"]}}],"collection":[{"href":"https:\/\/enviosclero.archimadrid.com\/index.php?rest_route=\/wp\/v2\/posts"}],"about":[{"href":"https:\/\/enviosclero.archimadrid.com\/index.php?rest_route=\/wp\/v2\/types\/post"}],"author":[{"embeddable":true,"href":"https:\/\/enviosclero.archimadrid.com\/index.php?rest_route=\/wp\/v2\/users\/2"}],"replies":[{"embeddable":true,"href":"https:\/\/enviosclero.archimadrid.com\/index.php?rest_route=%2Fwp%2Fv2%2Fcomments&post=867"}],"version-history":[{"count":13,"href":"https:\/\/enviosclero.archimadrid.com\/index.php?rest_route=\/wp\/v2\/posts\/867\/revisions"}],"predecessor-version":[{"id":898,"href":"https:\/\/enviosclero.archimadrid.com\/index.php?rest_route=\/wp\/v2\/posts\/867\/revisions\/898"}],"wp:featuredmedia":[{"embeddable":true,"href":"https:\/\/enviosclero.archimadrid.com\/index.php?rest_route=\/wp\/v2\/media\/872"}],"wp:attachment":[{"href":"https:\/\/enviosclero.archimadrid.com\/index.php?rest_route=%2Fwp%2Fv2%2Fmedia&parent=867"}],"wp:term":[{"taxonomy":"category","embeddable":true,"href":"https:\/\/enviosclero.archimadrid.com\/index.php?rest_route=%2Fwp%2Fv2%2Fcategories&post=867"},{"taxonomy":"post_tag","embeddable":true,"href":"https:\/\/enviosclero.archimadrid.com\/index.php?rest_route=%2Fwp%2Fv2%2Ftags&post=867"}],"curies":[{"name":"wp","href":"https:\/\/api.w.org\/{rel}","templated":true}]}}