{"id":863,"date":"2025-09-07T17:40:04","date_gmt":"2025-09-07T16:40:04","guid":{"rendered":"https:\/\/enviosclero.archimadrid.com\/?p=863"},"modified":"2025-09-07T17:40:08","modified_gmt":"2025-09-07T16:40:08","slug":"convivencia-de-curas-jovenes-24-25-de-septiembre","status":"publish","type":"post","link":"https:\/\/enviosclero.archimadrid.com\/?p=863","title":{"rendered":"Convivencia de curas j\u00f3venes 24-25 de septiembre"},"content":{"rendered":"<p>Como otros a\u00f1os tendremos convivencia de los sacerdotes ordenados en los \u00faltimos 10 a\u00f1os.\u00a0<strong style=\"font-weight: 700 !important;\">Ser\u00e1 el\u00a0 24-25 de septiembre en la Casa de las Agustinas misioneras de Santa M\u00f3nica en Becerril de la Sierra<\/strong>.\u00a0Habr\u00e1 momentos de oraci\u00f3n, l\u00fadicos y de hablar entre nosotros. Informaremos pr\u00f3ximamente el horario y los que nos acompa\u00f1ar\u00e1n. Todav\u00eda no hemos cerrado el momento en el que vendr\u00e1 D. Jos\u00e9.<\/p>\n<p>La ma\u00f1ana del 24 tendremos dos planes para elegir cada uno (paintball o montar a caballo).\u00a0Nos veremos todos en la comida.\u00a0Por la tarde presentaremos la encuesta que se hizo sobre el clero de Madrid, especialmente sobre los ordenados en los \u00faltimos diez a\u00f1os. Tendremos momentos para presentar tambi\u00e9n el plan diocesano de este a\u00f1o, la asamblea presbiteral, etc.\u00a0El 25 tendremos un peque\u00f1o retiro.<\/p>\n<p>Con el fin de organizar la estancia en la Casa, os ruego que comuniqueis vuestra intenci\u00f3n de participar a trav\u00e9s del siguiente formulario\u00a0antes de la noche del domingo 21 de septiembre. Te ruego que no lo dejes para el \u00faltimo momento, ya que las agustinas necesitan saber los datos de participaci\u00f3n con suficiente antelaci\u00f3n.<\/p>\n<p style=\"text-align: center;\">\u00a0\u00a0<a style=\"color: #0000ff;\" href=\"https:\/\/forms.office.com\/e\/ACb3Pz0TSA\">https:\/\/forms.office.com\/e\/ACb3Pz0TSA<\/a><\/p>\n<p>&nbsp;<\/p>\n","protected":false},"excerpt":{"rendered":"<p>Como otros a\u00f1os tendremos convivencia de los sacerdotes ordenados en los \u00faltimos 10 a\u00f1os.\u00a0Ser\u00e1 el\u00a0 24-25 de septiembre en la Casa de las Agustinas misioneras de Santa M\u00f3nica en Becerril de la Sierra.\u00a0Habr\u00e1 momentos de oraci\u00f3n, l\u00fadicos y de hablar entre nosotros. Informaremos pr\u00f3ximamente el horario y los que nos acompa\u00f1ar\u00e1n. Todav\u00eda no hemos cerrado [&hellip;]<\/p>\n","protected":false},"author":2,"featured_media":864,"comment_status":"open","ping_status":"closed","sticky":false,"template":"","format":"standard","meta":{"_et_pb_use_builder":"","_et_pb_old_content":"","_et_gb_content_width":"","footnotes":""},"categories":[1],"tags":[],"class_list":["post-863","post","type-post","status-publish","format-standard","has-post-thumbnail","hentry","category-uncategorized"],"_links":{"self":[{"href":"https:\/\/enviosclero.archimadrid.com\/index.php?rest_route=\/wp\/v2\/posts\/863","targetHints":{"allow":["GET"]}}],"collection":[{"href":"https:\/\/enviosclero.archimadrid.com\/index.php?rest_route=\/wp\/v2\/posts"}],"about":[{"href":"https:\/\/enviosclero.archimadrid.com\/index.php?rest_route=\/wp\/v2\/types\/post"}],"author":[{"embeddable":true,"href":"https:\/\/enviosclero.archimadrid.com\/index.php?rest_route=\/wp\/v2\/users\/2"}],"replies":[{"embeddable":true,"href":"https:\/\/enviosclero.archimadrid.com\/index.php?rest_route=%2Fwp%2Fv2%2Fcomments&post=863"}],"version-history":[{"count":1,"href":"https:\/\/enviosclero.archimadrid.com\/index.php?rest_route=\/wp\/v2\/posts\/863\/revisions"}],"predecessor-version":[{"id":865,"href":"https:\/\/enviosclero.archimadrid.com\/index.php?rest_route=\/wp\/v2\/posts\/863\/revisions\/865"}],"wp:featuredmedia":[{"embeddable":true,"href":"https:\/\/enviosclero.archimadrid.com\/index.php?rest_route=\/wp\/v2\/media\/864"}],"wp:attachment":[{"href":"https:\/\/enviosclero.archimadrid.com\/index.php?rest_route=%2Fwp%2Fv2%2Fmedia&parent=863"}],"wp:term":[{"taxonomy":"category","embeddable":true,"href":"https:\/\/enviosclero.archimadrid.com\/index.php?rest_route=%2Fwp%2Fv2%2Fcategories&post=863"},{"taxonomy":"post_tag","embeddable":true,"href":"https:\/\/enviosclero.archimadrid.com\/index.php?rest_route=%2Fwp%2Fv2%2Ftags&post=863"}],"curies":[{"name":"wp","href":"https:\/\/api.w.org\/{rel}","templated":true}]}}