{"id":846,"date":"2025-09-07T16:35:14","date_gmt":"2025-09-07T15:35:14","guid":{"rendered":"https:\/\/enviosclero.archimadrid.com\/?p=846"},"modified":"2025-09-10T10:05:35","modified_gmt":"2025-09-10T09:05:35","slug":"846","status":"publish","type":"post","link":"https:\/\/enviosclero.archimadrid.com\/?p=846","title":{"rendered":"Asamblea presbiteral"},"content":{"rendered":"<p style=\"text-align: center;\">\u00bfQu\u00e9 pastores necesita Madrid hoy?<\/p>\n<p style=\"text-align: center;\">\u00bfQu\u00e9 presbiterio necesita Madrid hoy?<\/p>\n<p style=\"text-align: center;\">\u00bfQu\u00e9 nos est\u00e1 diciendo el Esp\u00edritu?<\/p>\n<p>&nbsp;<\/p>\n<p>Todos somos conscientes de la importancia de la cultura vocacional, sobre todo despu\u00e9s del congreso celebrado el pasado mes de febrero en Madrid. Por ello prepararemos una <strong>Asamblea Presbiteral en la di\u00f3cesis que se celebrar\u00e1 en el Seminario Conciliar los d\u00edas 9 y 10 de febrero de 2026<\/strong>. El tema que guiar\u00e1 el encuentro ser\u00e1: \u201c \u00bfque pastores necesite hoy Madrid? \u201c. Ser\u00e1 un momento especial donde nos reuniremos todos los sacerdotes con ministerio pastoral en nuestra di\u00f3cesis. Est\u00e1n invitados todos los presb\u00edteros de la archidiocesis, \u201ctomados de entre los hombres y constituidos en favor de los mismos en las cosas que miran a Dios\u201d (Presbiterorum ordinis 3). Conllevar\u00e1 un trabajo previo y otro posterior a la asamblea en el que se quiere contar no solo con los sacerdotes sino tambi\u00e9n con las comunidades cristianas a las que sirven.<\/p>\n<p>Los v\u00ednculos crecen y se fortalecen cuando nos vemos, nos miramos y dialogamos juntos. Seguro que toda la comunidad diocesana asumir\u00e1 este encuentro como propio, consciente de que toda la Iglesia se har\u00e1 presente en el mismo a la escucha del Esp\u00edritu para discernir qu\u00e9 ministerio ordenado necesitamos hoy y c\u00f3mo, entre todos, podemos contribuir a edificar este Cuerpo de Cristo del que formamos parte.<\/p>\n<p>Con las propuestas surgidas elaboraremos un marco en el que toda la comunidad y cada ministro ordenado pueda sentirse reflejado y posibilite emprender nuevos caminos y fortalecer la identidad sacerdotal, la espiritualidad y la caridad pastoral.<\/p>\n<p><strong>\u00a0<\/strong><strong>Propuesta que nace del coraz\u00f3n de nuestro pastor<\/strong><\/p>\n<ul>\n<li>necesidad de un presbiterio unido que estreche v\u00ednculos reforzando la propia identidad\u00a0ministerial.<\/li>\n<li>Necesidad de animarnos\u00a0a vivir gozosos nuestro ministerio.<\/li>\n<li>Necesario de cara al camino que se quiere recorrer: asamblea diocesana en 2027<\/li>\n<\/ul>\n<p>\ud83d\udc49Acoger desde la realidad del clero de Madrid la propuesta del Obispo. No podemos vivir con la mentalidad que todo siga igual. El cambio de \u00e9poca afecta al momento c\u00f3mo uno se concibe sacerdotes.<\/p>\n<p>\ud83d\udc49Es el momento de seguir viviendo el ministerio misionero, gozoso y realista.\u00a0 <strong>Unidad y misi\u00f3n<\/strong>\u00a0son los ejes de donde quisi\u00e9ramos trabajar.<\/p>\n<p>\ud83d\udc49No es un congreso de espiritualidad sacerdotal, no es un simposio de teolog\u00eda, no es una asamblea reivindicativa. El acento se sit\u00faa en el encuentro entre nosotros, festivo, oracional, con una mirada a los que nos han precedido, la reflexi\u00f3n sobre nuestro quehacer, constatar c\u00f3mo estamos y ponernos juntos con el pueblo de Dios ante los retos evangelizadores.<\/p>\n<p><strong>Reavivar el don recibido<\/strong><\/p>\n<ul>\n<li>Sacerdotes felices. Los he llamado amigos<\/li>\n<li>Sacerdotes felices porque somos disc\u00edpulos de Jes\u00fas<\/li>\n<li>Sacerdotes felices porque compartimos el mismo camino.<\/li>\n<\/ul>\n<p><strong>La experiencia del ministerio llamada a crecer<\/strong><\/p>\n<ul>\n<li>Nace del profundo deseo de volver a poner en el centro la alegr\u00eda y la belleza de la vida y del ministerio sacerdotal.<\/li>\n<li>Queremos reafirmar que un sacerdote feliz es el mejor anuncio del Evangelio, porque con su vida testimonia<\/li>\n<li>La amistad con Cristo es la clave para descubrir el profundo sentido de la vocaci\u00f3n y vivir el ministerio con gratitud y entusiasmo.<\/li>\n<li>Sacerdotes felices no es un simple eslogan, sino una invitaci\u00f3n a vivir el ministerio con plenitud, gratitud y pasi\u00f3n evangelizadora.<\/li>\n<\/ul>\n<p>&nbsp;<\/p>\n<blockquote><p><em>\u00a1Gracias por lo que son!,<\/em><em> porque recuerdan a todos que es hermoso ser sacerdotes,<\/em><em> y que cada llamada del Se\u00f1or es ante todo una llamada a su alegr\u00eda.<\/em><em> No somos perfectos,<\/em><em> pero somos amigos de Cristo, <\/em><em>hermanos entre nosotros <\/em><em>e hijos de su tierna Madre Mar\u00eda, <\/em><em>y esto nos basta.<\/em>\u00a0MEDITACI\u00d3N DEL SANTO PADRE LE\u00d3N XIV A LOS PARTICIPANTES EN EL JUBILEO<\/p><\/blockquote>\n<p>&nbsp;<\/p>\n<blockquote><p><em>\u00bfCu\u00e1l es su tarea? Es la de no rebajar nunca sus exigencias,<\/em><em> no conformarse, no ser meros receptores pasivos, <\/em><em>sino apasionarse por la vida sacerdotal,<\/em><em>viviendo el presente y mirando al futuro con coraz\u00f3n prof\u00e9tico.<\/em>MEDITACI\u00d3N DEL SANTO PADRE LE\u00d3N XIV A LOS PARTICIPANTES EN EL JUBILEO<\/p><\/blockquote>\n","protected":false},"excerpt":{"rendered":"<p>\u00bfQu\u00e9 pastores necesita Madrid hoy? \u00bfQu\u00e9 presbiterio necesita Madrid hoy? \u00bfQu\u00e9 nos est\u00e1 diciendo el Esp\u00edritu? &nbsp; Todos somos conscientes de la importancia de la cultura vocacional, sobre todo despu\u00e9s del congreso celebrado el pasado mes de febrero en Madrid. Por ello prepararemos una Asamblea Presbiteral en la di\u00f3cesis que se celebrar\u00e1 en el Seminario [&hellip;]<\/p>\n","protected":false},"author":2,"featured_media":0,"comment_status":"open","ping_status":"closed","sticky":false,"template":"","format":"standard","meta":{"_et_pb_use_builder":"","_et_pb_old_content":"","_et_gb_content_width":"","footnotes":""},"categories":[1],"tags":[],"class_list":["post-846","post","type-post","status-publish","format-standard","hentry","category-uncategorized"],"_links":{"self":[{"href":"https:\/\/enviosclero.archimadrid.com\/index.php?rest_route=\/wp\/v2\/posts\/846","targetHints":{"allow":["GET"]}}],"collection":[{"href":"https:\/\/enviosclero.archimadrid.com\/index.php?rest_route=\/wp\/v2\/posts"}],"about":[{"href":"https:\/\/enviosclero.archimadrid.com\/index.php?rest_route=\/wp\/v2\/types\/post"}],"author":[{"embeddable":true,"href":"https:\/\/enviosclero.archimadrid.com\/index.php?rest_route=\/wp\/v2\/users\/2"}],"replies":[{"embeddable":true,"href":"https:\/\/enviosclero.archimadrid.com\/index.php?rest_route=%2Fwp%2Fv2%2Fcomments&post=846"}],"version-history":[{"count":20,"href":"https:\/\/enviosclero.archimadrid.com\/index.php?rest_route=\/wp\/v2\/posts\/846\/revisions"}],"predecessor-version":[{"id":897,"href":"https:\/\/enviosclero.archimadrid.com\/index.php?rest_route=\/wp\/v2\/posts\/846\/revisions\/897"}],"wp:attachment":[{"href":"https:\/\/enviosclero.archimadrid.com\/index.php?rest_route=%2Fwp%2Fv2%2Fmedia&parent=846"}],"wp:term":[{"taxonomy":"category","embeddable":true,"href":"https:\/\/enviosclero.archimadrid.com\/index.php?rest_route=%2Fwp%2Fv2%2Fcategories&post=846"},{"taxonomy":"post_tag","embeddable":true,"href":"https:\/\/enviosclero.archimadrid.com\/index.php?rest_route=%2Fwp%2Fv2%2Ftags&post=846"}],"curies":[{"name":"wp","href":"https:\/\/api.w.org\/{rel}","templated":true}]}}