{"id":838,"date":"2025-09-05T16:30:44","date_gmt":"2025-09-05T15:30:44","guid":{"rendered":"https:\/\/enviosclero.archimadrid.com\/?p=838"},"modified":"2025-09-05T16:33:59","modified_gmt":"2025-09-05T15:33:59","slug":"curso-de-gestion-economica-parroquial-en-uesd","status":"publish","type":"post","link":"https:\/\/enviosclero.archimadrid.com\/?p=838","title":{"rendered":"Curso de Gesti\u00f3n Econ\u00f3mica parroquial en UESD"},"content":{"rendered":"<p>La Facultad de Derecho Can\u00f3nico de la Universidad Eclesi\u00e1stica San D\u00e1maso en coordinaci\u00f3n con la Vicesecretar\u00eda para Asuntos Econ\u00f3micos de la Conferencia Episcopal Espa\u00f1ola ha organizado un <span style=\"color: #333399;\"><strong>Curso de Gesti\u00f3n econ\u00f3mica parroquial.<\/strong><\/span>. La <strong>duraci\u00f3n<\/strong> del curso se estima en un m\u00ednimo de 30 horas, distribuidas en 15 sesiones de 2 horas<\/p>\n<p>Existen dos <strong>modalidades de impartici\u00f3n<\/strong> del curso para el curso 2025\/26:<\/p>\n<p>a. Ense\u00f1anza presencial: en turno de ma\u00f1ana indicado, preferentemente, para sacerdotes y seminaristas. Se realizar\u00eda usualmente una sesi\u00f3n semanal de 2 horas los lunes de 11:00h. a 13:00h. comenzando el 29 de septiembre y terminando el 2 de febrero.<br \/>\nb. Ense\u00f1anza en modalidad \u201conline\u201d: con trabajo s\u00edncrono en horario de tarde. Comienza el lunes 12 de enero de 17:00h. a 19:00h. hasta el lunes 4 de mayo (con descanso en semana santa y de pascua). Las clases emplear\u00edan distintas metodolog\u00edas como clase magistral, pr\u00e1cticas, resoluci\u00f3n de problemas, etc. Con un sistema de evaluaci\u00f3n continua mediante Kahoots o equivalente.<\/p>\n<p><strong>Finalidad:\u00a0<\/strong> El objetivo principal de este curso es el de ofrecer una panor\u00e1mica general de la gesti\u00f3n econ\u00f3mica parroquial, en sus distintas vertientes: can\u00f3nica, jur\u00eddica, econ\u00f3mica, contable, fiscal, etc. y las exenciones vigentes, pasando por los mecanismos de comunicaci\u00f3n y comuni\u00f3n con la administraci\u00f3n diocesana. El curso debe capacitar para poder realizar una adecuada gesti\u00f3n econ\u00f3mica en las parroquias, ya sea desde la perspectiva del p\u00e1rroco como de aquellos que colaboran en los consejos econ\u00f3micos parroquiales. El curso tiene un car\u00e1cter eminentemente pr\u00e1ctico afrontando tanto cuestiones muy b\u00e1sicas como la apertura de una cuenta corriente y su funcionamiento hasta el an\u00e1lisis de los distintos conceptos por los que se debe tributar y las exenciones vigentes, pasando por los mecanismos de comunicaci\u00f3n y comuni\u00f3n con la administraci\u00f3n diocesana.<\/p>\n<p>Desc\u00e1rgate el programa completo <a href=\"https:\/\/enviosclero.archimadrid.com\/wp-content\/uploads\/2025\/07\/ProgramaGestionParroquial.pdf\">AQUI<\/a>. M\u00e1s informaci\u00f3n en:\u00a0 <a href=\"https:\/\/www.sandamaso.es\/gestion-economica-parroquial\/\">Gesti\u00f3n econ\u00f3mica parroquial &#8211; UESD<\/a><\/p>\n","protected":false},"excerpt":{"rendered":"<p>La Facultad de Derecho Can\u00f3nico de la Universidad Eclesi\u00e1stica San D\u00e1maso en coordinaci\u00f3n con la Vicesecretar\u00eda para Asuntos Econ\u00f3micos de la Conferencia Episcopal Espa\u00f1ola ha organizado un Curso de Gesti\u00f3n econ\u00f3mica parroquial.. La duraci\u00f3n del curso se estima en un m\u00ednimo de 30 horas, distribuidas en 15 sesiones de 2 horas Existen dos modalidades de [&hellip;]<\/p>\n","protected":false},"author":2,"featured_media":818,"comment_status":"open","ping_status":"closed","sticky":false,"template":"","format":"standard","meta":{"_et_pb_use_builder":"","_et_pb_old_content":"","_et_gb_content_width":"","footnotes":""},"categories":[1],"tags":[],"class_list":["post-838","post","type-post","status-publish","format-standard","has-post-thumbnail","hentry","category-uncategorized"],"_links":{"self":[{"href":"https:\/\/enviosclero.archimadrid.com\/index.php?rest_route=\/wp\/v2\/posts\/838","targetHints":{"allow":["GET"]}}],"collection":[{"href":"https:\/\/enviosclero.archimadrid.com\/index.php?rest_route=\/wp\/v2\/posts"}],"about":[{"href":"https:\/\/enviosclero.archimadrid.com\/index.php?rest_route=\/wp\/v2\/types\/post"}],"author":[{"embeddable":true,"href":"https:\/\/enviosclero.archimadrid.com\/index.php?rest_route=\/wp\/v2\/users\/2"}],"replies":[{"embeddable":true,"href":"https:\/\/enviosclero.archimadrid.com\/index.php?rest_route=%2Fwp%2Fv2%2Fcomments&post=838"}],"version-history":[{"count":3,"href":"https:\/\/enviosclero.archimadrid.com\/index.php?rest_route=\/wp\/v2\/posts\/838\/revisions"}],"predecessor-version":[{"id":841,"href":"https:\/\/enviosclero.archimadrid.com\/index.php?rest_route=\/wp\/v2\/posts\/838\/revisions\/841"}],"wp:featuredmedia":[{"embeddable":true,"href":"https:\/\/enviosclero.archimadrid.com\/index.php?rest_route=\/wp\/v2\/media\/818"}],"wp:attachment":[{"href":"https:\/\/enviosclero.archimadrid.com\/index.php?rest_route=%2Fwp%2Fv2%2Fmedia&parent=838"}],"wp:term":[{"taxonomy":"category","embeddable":true,"href":"https:\/\/enviosclero.archimadrid.com\/index.php?rest_route=%2Fwp%2Fv2%2Fcategories&post=838"},{"taxonomy":"post_tag","embeddable":true,"href":"https:\/\/enviosclero.archimadrid.com\/index.php?rest_route=%2Fwp%2Fv2%2Ftags&post=838"}],"curies":[{"name":"wp","href":"https:\/\/api.w.org\/{rel}","templated":true}]}}