{"id":833,"date":"2025-09-09T11:53:18","date_gmt":"2025-09-09T10:53:18","guid":{"rendered":"https:\/\/enviosclero.archimadrid.com\/?p=833"},"modified":"2025-09-10T10:50:46","modified_gmt":"2025-09-10T09:50:46","slug":"cursillo-para-nuevos-parrocos","status":"publish","type":"post","link":"https:\/\/enviosclero.archimadrid.com\/?p=833","title":{"rendered":"Cursillo para \u00abnuevos\u00bb P\u00e1rrocos"},"content":{"rendered":"<p>El Arzobispado de Madrid organiza uno cursillo formativo para aquellos sacerdotes que \u00abdebutan\u00bb en el oficio de p\u00e1rrocos o bien aquellos sacerdotes quieren \u00abactualizarse\u00bb en diversos temas relativos a la administraci\u00f3n parroquial, cuestiones lit\u00fargico-sacramentales y despacho parroquial.<\/p>\n<p>Este a\u00f1o, el cursillo tendr\u00e1 lugar <strong>los d\u00edas 30 de septiembre y 1 de octubre<\/strong> en la sede del Arzobispado de Madrid<\/p>\n<p>Conviene inscribirse previamente a trav\u00e9s de los secretarios de Vicar\u00eda territorial o bien directamente en el siguiente formulario:<\/p>\n<p style=\"text-align: center;\"><a href=\"https:\/\/forms.office.com\/e\/Xcb5r9fzAs?origin=lprLink\">https:\/\/forms.office.com\/e\/Xcb5r9fzAs?origin=lprLink<\/a><\/p>\n<p>&nbsp;<\/p>\n","protected":false},"excerpt":{"rendered":"<p>El Arzobispado de Madrid organiza uno cursillo formativo para aquellos sacerdotes que \u00abdebutan\u00bb en el oficio de p\u00e1rrocos o bien aquellos sacerdotes quieren \u00abactualizarse\u00bb en diversos temas relativos a la administraci\u00f3n parroquial, cuestiones lit\u00fargico-sacramentales y despacho parroquial. Este a\u00f1o, el cursillo tendr\u00e1 lugar los d\u00edas 30 de septiembre y 1 de octubre en la sede [&hellip;]<\/p>\n","protected":false},"author":2,"featured_media":887,"comment_status":"open","ping_status":"closed","sticky":false,"template":"","format":"standard","meta":{"_et_pb_use_builder":"","_et_pb_old_content":"","_et_gb_content_width":"","footnotes":""},"categories":[1],"tags":[],"class_list":["post-833","post","type-post","status-publish","format-standard","has-post-thumbnail","hentry","category-uncategorized"],"_links":{"self":[{"href":"https:\/\/enviosclero.archimadrid.com\/index.php?rest_route=\/wp\/v2\/posts\/833","targetHints":{"allow":["GET"]}}],"collection":[{"href":"https:\/\/enviosclero.archimadrid.com\/index.php?rest_route=\/wp\/v2\/posts"}],"about":[{"href":"https:\/\/enviosclero.archimadrid.com\/index.php?rest_route=\/wp\/v2\/types\/post"}],"author":[{"embeddable":true,"href":"https:\/\/enviosclero.archimadrid.com\/index.php?rest_route=\/wp\/v2\/users\/2"}],"replies":[{"embeddable":true,"href":"https:\/\/enviosclero.archimadrid.com\/index.php?rest_route=%2Fwp%2Fv2%2Fcomments&post=833"}],"version-history":[{"count":7,"href":"https:\/\/enviosclero.archimadrid.com\/index.php?rest_route=\/wp\/v2\/posts\/833\/revisions"}],"predecessor-version":[{"id":901,"href":"https:\/\/enviosclero.archimadrid.com\/index.php?rest_route=\/wp\/v2\/posts\/833\/revisions\/901"}],"wp:featuredmedia":[{"embeddable":true,"href":"https:\/\/enviosclero.archimadrid.com\/index.php?rest_route=\/wp\/v2\/media\/887"}],"wp:attachment":[{"href":"https:\/\/enviosclero.archimadrid.com\/index.php?rest_route=%2Fwp%2Fv2%2Fmedia&parent=833"}],"wp:term":[{"taxonomy":"category","embeddable":true,"href":"https:\/\/enviosclero.archimadrid.com\/index.php?rest_route=%2Fwp%2Fv2%2Fcategories&post=833"},{"taxonomy":"post_tag","embeddable":true,"href":"https:\/\/enviosclero.archimadrid.com\/index.php?rest_route=%2Fwp%2Fv2%2Ftags&post=833"}],"curies":[{"name":"wp","href":"https:\/\/api.w.org\/{rel}","templated":true}]}}