{"id":820,"date":"2025-07-29T17:25:03","date_gmt":"2025-07-29T16:25:03","guid":{"rendered":"https:\/\/enviosclero.archimadrid.com\/?p=820"},"modified":"2025-07-29T17:37:19","modified_gmt":"2025-07-29T16:37:19","slug":"820","status":"publish","type":"post","link":"https:\/\/enviosclero.archimadrid.com\/?p=820","title":{"rendered":"Curso Discernimiento en com\u00fan y sinodalidad"},"content":{"rendered":"<p>Desde el Centro de Espiritualidad de Salamanca CES nos proponen un <span style=\"color: #333399;\">Curso Pr\u00e1ctico de Formaci\u00f3n en Discernimiento en Com\u00fan y Sinodalidad<\/span> que impartir\u00e1n los jesuitas Juan Antonio Guerrero,SJ y Jos\u00e9 de Pablo,SJ en el CES del 31 de Agosto al 6 de Septiembre de este a\u00f1o.<\/p>\n<p>Es una ayuda desde la Espiritualidad Ignaciana para caminar juntos en nuestros grupos, parroquias y congregaciones religiosas. Se ofrece una formaci\u00f3n y la pr\u00e1ctica din\u00e1mica que brota de la oraci\u00f3n y de la conversaci\u00f3n en el Esp\u00edritu para avanzar en el discernimiento en com\u00fan.<\/p>\n<p>Adjuntamos la <a href=\"https:\/\/enviosclero.archimadrid.com\/wp-content\/uploads\/2025\/07\/Discernimiento-en-comun-y-Sinodalidad-2025.docx\">informaci\u00f3n del curso y la ficha de inscripci\u00f3n.<\/a> Si necesit\u00e1is cualquier consulta o para registraros, pod\u00e9is hacerlo por email a <a title=\"mailto:secreces@jesuitas.es\" href=\"mailto:secreces@jesuitas.es\">secreces@jesuitas.es<\/a>\u00a0o por tel\u00e9fono al\u00a0+34 923 125 000<\/p>\n<p class=\"xmsonormal\" style=\"text-align: justify;\"><span style=\"font-size: 14.0pt; color: black;\">\u00a0<\/span><\/p>\n","protected":false},"excerpt":{"rendered":"<p>Desde el Centro de Espiritualidad de Salamanca CES nos proponen un Curso Pr\u00e1ctico de Formaci\u00f3n en Discernimiento en Com\u00fan y Sinodalidad que impartir\u00e1n los jesuitas Juan Antonio Guerrero,SJ y Jos\u00e9 de Pablo,SJ en el CES del 31 de Agosto al 6 de Septiembre de este a\u00f1o. Es una ayuda desde la Espiritualidad Ignaciana para caminar [&hellip;]<\/p>\n","protected":false},"author":2,"featured_media":823,"comment_status":"open","ping_status":"closed","sticky":false,"template":"","format":"standard","meta":{"_et_pb_use_builder":"","_et_pb_old_content":"","_et_gb_content_width":"","footnotes":""},"categories":[1],"tags":[],"class_list":["post-820","post","type-post","status-publish","format-standard","has-post-thumbnail","hentry","category-uncategorized"],"_links":{"self":[{"href":"https:\/\/enviosclero.archimadrid.com\/index.php?rest_route=\/wp\/v2\/posts\/820","targetHints":{"allow":["GET"]}}],"collection":[{"href":"https:\/\/enviosclero.archimadrid.com\/index.php?rest_route=\/wp\/v2\/posts"}],"about":[{"href":"https:\/\/enviosclero.archimadrid.com\/index.php?rest_route=\/wp\/v2\/types\/post"}],"author":[{"embeddable":true,"href":"https:\/\/enviosclero.archimadrid.com\/index.php?rest_route=\/wp\/v2\/users\/2"}],"replies":[{"embeddable":true,"href":"https:\/\/enviosclero.archimadrid.com\/index.php?rest_route=%2Fwp%2Fv2%2Fcomments&post=820"}],"version-history":[{"count":5,"href":"https:\/\/enviosclero.archimadrid.com\/index.php?rest_route=\/wp\/v2\/posts\/820\/revisions"}],"predecessor-version":[{"id":829,"href":"https:\/\/enviosclero.archimadrid.com\/index.php?rest_route=\/wp\/v2\/posts\/820\/revisions\/829"}],"wp:featuredmedia":[{"embeddable":true,"href":"https:\/\/enviosclero.archimadrid.com\/index.php?rest_route=\/wp\/v2\/media\/823"}],"wp:attachment":[{"href":"https:\/\/enviosclero.archimadrid.com\/index.php?rest_route=%2Fwp%2Fv2%2Fmedia&parent=820"}],"wp:term":[{"taxonomy":"category","embeddable":true,"href":"https:\/\/enviosclero.archimadrid.com\/index.php?rest_route=%2Fwp%2Fv2%2Fcategories&post=820"},{"taxonomy":"post_tag","embeddable":true,"href":"https:\/\/enviosclero.archimadrid.com\/index.php?rest_route=%2Fwp%2Fv2%2Ftags&post=820"}],"curies":[{"name":"wp","href":"https:\/\/api.w.org\/{rel}","templated":true}]}}