{"id":794,"date":"2025-07-04T12:55:47","date_gmt":"2025-07-04T11:55:47","guid":{"rendered":"https:\/\/enviosclero.archimadrid.com\/?p=794"},"modified":"2025-07-04T12:55:47","modified_gmt":"2025-07-04T11:55:47","slug":"ordenaciones-diaconales-21-de-junio","status":"publish","type":"post","link":"https:\/\/enviosclero.archimadrid.com\/?p=794","title":{"rendered":"Ordenaciones diaconales (21 de junio)"},"content":{"rendered":"<p>El pasado 21 de junio tuvo lugar la ordenaci\u00f3n de 16 nuevos di\u00e1conos:<strong>\u00a0<\/strong>Guillermo Ara Cruz, Jos\u00e9 Mar\u00eda Aus\u00edn Martin\u00e9z, Alejandro Cantos Ruiz, Lorenzo Care-li, Simone Col-leluori, Alberto del Olmo El\u00edas, Jaime Echanove Puig, Francisco Javier Esplugues Barquero, Miguel Fragoso Januario, Jos\u00e9 Mar\u00eda Gonz\u00e1lez Bueno, Marco Antonio Gonz\u00e1lez Garc\u00eda, Andr\u00e9s Jos\u00e9 Mar\u00edn Ort\u00edz, Christian Oliveira dos Santos, Alberto Ram\u00edrez Carrasco y Francisco Javier Carmena Mart\u00ednez.<\/p>\n<p>En la p\u00e1gina web de la Archidi\u00f3cesis est\u00e1 publicada la noticia: <a href=\"https:\/\/www.archimadrid.org\/index.php\/oficina-de-informacion\/noticias-madrid\/cardenal-jose-cobo-nuevos-diaconos-diocesis-madrid-sed-puentes-entre-dios-pueblo-iglesia-mundo-gracias-vuestro-si\">https:\/\/www.archimadrid.org\/index.php\/oficina-de-informacion\/noticias-madrid\/cardenal-jose-cobo-nuevos-diaconos-diocesis-madrid-sed-puentes-entre-dios-pueblo-iglesia-mundo-gracias-vuestro-si<\/a><\/p>\n","protected":false},"excerpt":{"rendered":"<p>El pasado 21 de junio tuvo lugar la ordenaci\u00f3n de 16 nuevos di\u00e1conos:\u00a0Guillermo Ara Cruz, Jos\u00e9 Mar\u00eda Aus\u00edn Martin\u00e9z, Alejandro Cantos Ruiz, Lorenzo Care-li, Simone Col-leluori, Alberto del Olmo El\u00edas, Jaime Echanove Puig, Francisco Javier Esplugues Barquero, Miguel Fragoso Januario, Jos\u00e9 Mar\u00eda Gonz\u00e1lez Bueno, Marco Antonio Gonz\u00e1lez Garc\u00eda, Andr\u00e9s Jos\u00e9 Mar\u00edn Ort\u00edz, Christian Oliveira dos [&hellip;]<\/p>\n","protected":false},"author":2,"featured_media":795,"comment_status":"open","ping_status":"closed","sticky":false,"template":"","format":"standard","meta":{"_et_pb_use_builder":"","_et_pb_old_content":"","_et_gb_content_width":"","footnotes":""},"categories":[1],"tags":[],"class_list":["post-794","post","type-post","status-publish","format-standard","has-post-thumbnail","hentry","category-uncategorized"],"_links":{"self":[{"href":"https:\/\/enviosclero.archimadrid.com\/index.php?rest_route=\/wp\/v2\/posts\/794","targetHints":{"allow":["GET"]}}],"collection":[{"href":"https:\/\/enviosclero.archimadrid.com\/index.php?rest_route=\/wp\/v2\/posts"}],"about":[{"href":"https:\/\/enviosclero.archimadrid.com\/index.php?rest_route=\/wp\/v2\/types\/post"}],"author":[{"embeddable":true,"href":"https:\/\/enviosclero.archimadrid.com\/index.php?rest_route=\/wp\/v2\/users\/2"}],"replies":[{"embeddable":true,"href":"https:\/\/enviosclero.archimadrid.com\/index.php?rest_route=%2Fwp%2Fv2%2Fcomments&post=794"}],"version-history":[{"count":1,"href":"https:\/\/enviosclero.archimadrid.com\/index.php?rest_route=\/wp\/v2\/posts\/794\/revisions"}],"predecessor-version":[{"id":796,"href":"https:\/\/enviosclero.archimadrid.com\/index.php?rest_route=\/wp\/v2\/posts\/794\/revisions\/796"}],"wp:featuredmedia":[{"embeddable":true,"href":"https:\/\/enviosclero.archimadrid.com\/index.php?rest_route=\/wp\/v2\/media\/795"}],"wp:attachment":[{"href":"https:\/\/enviosclero.archimadrid.com\/index.php?rest_route=%2Fwp%2Fv2%2Fmedia&parent=794"}],"wp:term":[{"taxonomy":"category","embeddable":true,"href":"https:\/\/enviosclero.archimadrid.com\/index.php?rest_route=%2Fwp%2Fv2%2Fcategories&post=794"},{"taxonomy":"post_tag","embeddable":true,"href":"https:\/\/enviosclero.archimadrid.com\/index.php?rest_route=%2Fwp%2Fv2%2Ftags&post=794"}],"curies":[{"name":"wp","href":"https:\/\/api.w.org\/{rel}","templated":true}]}}