{"id":783,"date":"2025-07-03T20:06:54","date_gmt":"2025-07-03T19:06:54","guid":{"rendered":"https:\/\/enviosclero.archimadrid.com\/?p=783"},"modified":"2025-07-03T20:06:54","modified_gmt":"2025-07-03T19:06:54","slug":"carta-de-los-obispos-de-la-provincia-eclesiastica","status":"publish","type":"post","link":"https:\/\/enviosclero.archimadrid.com\/?p=783","title":{"rendered":"Carta de los obispos de la Provincia Eclesi\u00e1stica"},"content":{"rendered":"<p>Los obispos de la Provincia Eclesi\u00e1stica invitan a los sacerdotes, miembros de comunidades religiosas, responsables de centros educativos y agentes de pastoral juvenil y de adolescentes de las di\u00f3cesis de Madrid, Getafe y Alcal\u00e1 de Henares, a participar en un Jubileo interdiocesano de adolescentes y j\u00f3venes que tendr\u00e1 lugar el pr\u00f3ximo 27 de septiembre.<\/p>\n<p>Puedes acceder al contenido \u00edntegro de la cartas aqu\u00ed: <a href=\"https:\/\/enviosclero.archimadrid.com\/wp-content\/uploads\/2025\/07\/Carta-jubileo-jovenes-provincia-eclesiastica-3.pdf\">Carta jubileo j\u00f3venes provincia eclesiastica<\/a><\/p>\n","protected":false},"excerpt":{"rendered":"<p>Los obispos de la Provincia Eclesi\u00e1stica invitan a los sacerdotes, miembros de comunidades religiosas, responsables de centros educativos y agentes de pastoral juvenil y de adolescentes de las di\u00f3cesis de Madrid, Getafe y Alcal\u00e1 de Henares, a participar en un Jubileo interdiocesano de adolescentes y j\u00f3venes que tendr\u00e1 lugar el pr\u00f3ximo 27 de septiembre. Puedes [&hellip;]<\/p>\n","protected":false},"author":2,"featured_media":785,"comment_status":"open","ping_status":"closed","sticky":false,"template":"","format":"standard","meta":{"_et_pb_use_builder":"","_et_pb_old_content":"","_et_gb_content_width":"","footnotes":""},"categories":[1],"tags":[],"class_list":["post-783","post","type-post","status-publish","format-standard","has-post-thumbnail","hentry","category-uncategorized"],"_links":{"self":[{"href":"https:\/\/enviosclero.archimadrid.com\/index.php?rest_route=\/wp\/v2\/posts\/783","targetHints":{"allow":["GET"]}}],"collection":[{"href":"https:\/\/enviosclero.archimadrid.com\/index.php?rest_route=\/wp\/v2\/posts"}],"about":[{"href":"https:\/\/enviosclero.archimadrid.com\/index.php?rest_route=\/wp\/v2\/types\/post"}],"author":[{"embeddable":true,"href":"https:\/\/enviosclero.archimadrid.com\/index.php?rest_route=\/wp\/v2\/users\/2"}],"replies":[{"embeddable":true,"href":"https:\/\/enviosclero.archimadrid.com\/index.php?rest_route=%2Fwp%2Fv2%2Fcomments&post=783"}],"version-history":[{"count":1,"href":"https:\/\/enviosclero.archimadrid.com\/index.php?rest_route=\/wp\/v2\/posts\/783\/revisions"}],"predecessor-version":[{"id":786,"href":"https:\/\/enviosclero.archimadrid.com\/index.php?rest_route=\/wp\/v2\/posts\/783\/revisions\/786"}],"wp:featuredmedia":[{"embeddable":true,"href":"https:\/\/enviosclero.archimadrid.com\/index.php?rest_route=\/wp\/v2\/media\/785"}],"wp:attachment":[{"href":"https:\/\/enviosclero.archimadrid.com\/index.php?rest_route=%2Fwp%2Fv2%2Fmedia&parent=783"}],"wp:term":[{"taxonomy":"category","embeddable":true,"href":"https:\/\/enviosclero.archimadrid.com\/index.php?rest_route=%2Fwp%2Fv2%2Fcategories&post=783"},{"taxonomy":"post_tag","embeddable":true,"href":"https:\/\/enviosclero.archimadrid.com\/index.php?rest_route=%2Fwp%2Fv2%2Ftags&post=783"}],"curies":[{"name":"wp","href":"https:\/\/api.w.org\/{rel}","templated":true}]}}