{"id":780,"date":"2025-07-03T19:55:03","date_gmt":"2025-07-03T18:55:03","guid":{"rendered":"https:\/\/enviosclero.archimadrid.com\/?p=780"},"modified":"2025-09-10T11:21:45","modified_gmt":"2025-09-10T10:21:45","slug":"jubileo-y-encuentro-con-padres-y-familiares-de-sacerdotes","status":"publish","type":"post","link":"https:\/\/enviosclero.archimadrid.com\/?p=780","title":{"rendered":"Jubileo y encuentro con padres y familiares de sacerdotes (18 octubre)"},"content":{"rendered":"<p>Ten\u00edamos pendiente buscar una nueva fecha, ya que la anterior propuesta, el pasado 10 de mayo, no pudo ser. Os anunciamos que el <strong>s\u00e1bado 18 de octubre a las 19 h, en la Catedral<\/strong>, tendremos una Eucarist\u00eda con nuestro Arzobispo y los padres y familiares de sacerdotes que puedan acudir. A continuaci\u00f3n, tendremos un encuentro festivo.<\/p>\n<p>Ya hemos habilitado un nuevo formulario para que inscrib\u00e1is a los vuestros:<\/p>\n<p style=\"text-align: center;\"><a href=\"https:\/\/forms.office.com\/e\/CNvXNV8nVx\">https:\/\/forms.office.com\/e\/CNvXNV8nVx<\/a><\/p>\n<p>Para cualquier consulta que necesit\u00e9is realizar al respecto pod\u00e9is dirigiros a: <a href=\"mailto:familiasacerdotes@archidiocesis.madrid\">familiasacerdotes@archidiocesis.madrid<\/a><\/p>\n<p>&nbsp;<\/p>\n","protected":false},"excerpt":{"rendered":"<p>Ten\u00edamos pendiente buscar una nueva fecha, ya que la anterior propuesta, el pasado 10 de mayo, no pudo ser. Os anunciamos que el s\u00e1bado 18 de octubre a las 19 h, en la Catedral, tendremos una Eucarist\u00eda con nuestro Arzobispo y los padres y familiares de sacerdotes que puedan acudir. A continuaci\u00f3n, tendremos un encuentro [&hellip;]<\/p>\n","protected":false},"author":2,"featured_media":622,"comment_status":"open","ping_status":"closed","sticky":false,"template":"","format":"standard","meta":{"_et_pb_use_builder":"","_et_pb_old_content":"","_et_gb_content_width":"","footnotes":""},"categories":[1],"tags":[],"class_list":["post-780","post","type-post","status-publish","format-standard","has-post-thumbnail","hentry","category-uncategorized"],"_links":{"self":[{"href":"https:\/\/enviosclero.archimadrid.com\/index.php?rest_route=\/wp\/v2\/posts\/780","targetHints":{"allow":["GET"]}}],"collection":[{"href":"https:\/\/enviosclero.archimadrid.com\/index.php?rest_route=\/wp\/v2\/posts"}],"about":[{"href":"https:\/\/enviosclero.archimadrid.com\/index.php?rest_route=\/wp\/v2\/types\/post"}],"author":[{"embeddable":true,"href":"https:\/\/enviosclero.archimadrid.com\/index.php?rest_route=\/wp\/v2\/users\/2"}],"replies":[{"embeddable":true,"href":"https:\/\/enviosclero.archimadrid.com\/index.php?rest_route=%2Fwp%2Fv2%2Fcomments&post=780"}],"version-history":[{"count":6,"href":"https:\/\/enviosclero.archimadrid.com\/index.php?rest_route=\/wp\/v2\/posts\/780\/revisions"}],"predecessor-version":[{"id":902,"href":"https:\/\/enviosclero.archimadrid.com\/index.php?rest_route=\/wp\/v2\/posts\/780\/revisions\/902"}],"wp:featuredmedia":[{"embeddable":true,"href":"https:\/\/enviosclero.archimadrid.com\/index.php?rest_route=\/wp\/v2\/media\/622"}],"wp:attachment":[{"href":"https:\/\/enviosclero.archimadrid.com\/index.php?rest_route=%2Fwp%2Fv2%2Fmedia&parent=780"}],"wp:term":[{"taxonomy":"category","embeddable":true,"href":"https:\/\/enviosclero.archimadrid.com\/index.php?rest_route=%2Fwp%2Fv2%2Fcategories&post=780"},{"taxonomy":"post_tag","embeddable":true,"href":"https:\/\/enviosclero.archimadrid.com\/index.php?rest_route=%2Fwp%2Fv2%2Ftags&post=780"}],"curies":[{"name":"wp","href":"https:\/\/api.w.org\/{rel}","templated":true}]}}