{"id":767,"date":"2025-07-03T16:35:16","date_gmt":"2025-07-03T15:35:16","guid":{"rendered":"https:\/\/enviosclero.archimadrid.com\/?p=767"},"modified":"2025-07-03T19:51:51","modified_gmt":"2025-07-03T18:51:51","slug":"los-he-llamado-amigos","status":"publish","type":"post","link":"https:\/\/enviosclero.archimadrid.com\/?p=767","title":{"rendered":"Os he llamado amigos"},"content":{"rendered":"<p><img loading=\"lazy\" decoding=\"async\" class=\"aligncenter size-large wp-image-769\" src=\"https:\/\/enviosclero.archimadrid.com\/wp-content\/uploads\/2025\/07\/otrafoto2-1024x431.jpg\" alt=\"\" width=\"1024\" height=\"431\" srcset=\"https:\/\/enviosclero.archimadrid.com\/wp-content\/uploads\/2025\/07\/otrafoto2-980x413.jpg 980w, https:\/\/enviosclero.archimadrid.com\/wp-content\/uploads\/2025\/07\/otrafoto2-480x202.jpg 480w\" sizes=\"(min-width: 0px) and (max-width: 480px) 480px, (min-width: 481px) and (max-width: 980px) 980px, (min-width: 981px) 1024px, 100vw\" \/><\/p>\n<p>M\u00e1s de 6.000 sacerdotes procedentes de los cinco continentes han participado en el Jubileo del Clero en el marco del A\u00f1o Santo 2025.<\/p>\n<p>\u00abOs he llamado amigos\u00bb.\u00a0No es solo una declaraci\u00f3n afectuosa hacia los disc\u00edpulos, sino una verdadera clave para comprender el ministerio sacerdotal.<\/p>\n<p>\u00baEl sacerdote, de hecho, es amigo del Se\u00f1or, llamado a vivir con \u00e9l una relaci\u00f3n personal y de confianza, alimentada por la Palabra, la celebraci\u00f3n de los sacramentos y la oraci\u00f3n diaria. Esta amistad con Cristo es el fundamento espiritual del ministerio ordenado, el sentido de nuestro celibato y la energ\u00eda del servicio eclesial al que dedicamos nuestra vida. Nos sostiene en los momentos de prueba y nos permite renovar cada d\u00eda el \u00abs\u00ed\u00bb pronunciado al inicio de nuestra vocaci\u00f3n.<\/p>\n<p>El mi\u00e9rcoles 25 se comenz\u00f3 con varias catequesis divididas por grupos ling\u00fc\u00edsticos ofrecidas por obispos en 12 iglesias del centro de Roma.<\/p>\n<p>El jueves 26 de junio Misa jubilar en San Pedro, presidida por el prefecto del Dicasterio para el Clero, el cardenal Lazzaro You Heung-sik. Durante el d\u00eda peregrinaci\u00f3n a las Puertas Santas de las 4 bas\u00edlicas mayores. Por la tarde bla delegaci\u00f3n espa\u00f1ola tuvo una celebraci\u00f3n comunitaria de la penitencia y peregrinaci\u00f3n desde la Iglesia de Monserrat a San Pedro. El papa se reuni\u00f3 con formadores y delegados de pastoral vocacional. La jornada culmin\u00f3 con una Vigilia de oraci\u00f3n a las 19:00 en la Bas\u00edlica de San Pedro, presidida por Mons. Rino Fisichella, pro-prefecto del Dicasterio para la Evangelizaci\u00f3n, con testimonios de un seminarista, un obispo y un sacerdote.<\/p>\n<p>El punto culminante de la semana jubilar fue\u00a0 la celebraci\u00f3n eucar\u00edstica del viernes 27 de junio, solemnidad del Sagrado Coraz\u00f3n de Jes\u00fas, presidida por el Papa Le\u00f3n XIV en la Bas\u00edlica de San Pedro.Durante la Misa, el Papa confiri\u00f3 el orden sacerdotal a 31 nuevos presb\u00edteros provenientes de todo el mundo: Italia, India, Sri Lanka, Ruman\u00eda, Rep\u00fablica Centroafricana, San Vicente y las Granadinas, Camer\u00fan, Angola, Vietnam, Etiop\u00eda, Tanzania, Ghana, Nigeria, Corea del Sur, M\u00e9xico, Uganda, Australia, Brasil, Croacia, Eslovaquia y Ucrania<\/p>\n<p>Puedes descargarte aqu\u00ed los textos del Papa Leon con motivo del Jubileo de los seminaristas, sacerdotes y obispos, incluida la homil\u00eda de la MIsa del 27 de junio: <a href=\"https:\/\/enviosclero.archimadrid.com\/wp-content\/uploads\/2025\/07\/Intervenciones-del-Papa-Leon-XIV-en-Jubileo-seminaristas-obispos-y-sacerdotes.pdf\">Intervenciones del Papa Le\u00f3n XIV en Jubileo seminaristas, obispos y sacerdotes<\/a><\/p>\n<p><img loading=\"lazy\" decoding=\"async\" class=\"aligncenter wp-image-750\" src=\"https:\/\/enviosclero.archimadrid.com\/wp-content\/uploads\/2025\/07\/757aa5d0-ef4c-48b4-a4ce-48cf3fcc7965-768x1024.jpg\" alt=\"\" width=\"450\" height=\"600\" \/><\/p>\n<p><img loading=\"lazy\" decoding=\"async\" class=\"aligncenter wp-image-749\" src=\"https:\/\/enviosclero.archimadrid.com\/wp-content\/uploads\/2025\/07\/9db926cf-bcdf-4924-8499-a31bc4025c7d-1024x768.jpg\" alt=\"\" width=\"600\" height=\"450\" \/><\/p>\n<p><img loading=\"lazy\" decoding=\"async\" class=\"aligncenter wp-image-751\" src=\"https:\/\/enviosclero.archimadrid.com\/wp-content\/uploads\/2025\/07\/20197fbc-b1a3-47c5-90a2-512c91edefa8-768x1024.jpg\" alt=\"\" width=\"450\" height=\"600\" \/><\/p>\n<p><img loading=\"lazy\" decoding=\"async\" class=\"aligncenter wp-image-747\" src=\"https:\/\/enviosclero.archimadrid.com\/wp-content\/uploads\/2025\/07\/145d345e-c462-4088-b799-fd6cd60bf1a1-1024x768.jpg\" alt=\"\" width=\"600\" height=\"450\" \/><\/p>\n<p><img loading=\"lazy\" decoding=\"async\" class=\"aligncenter size-large wp-image-748\" src=\"https:\/\/enviosclero.archimadrid.com\/wp-content\/uploads\/2025\/07\/1dfd2846-6114-4bb5-9681-cbd930f03f8a-1024x471.jpg\" alt=\"\" width=\"1024\" height=\"471\" srcset=\"https:\/\/enviosclero.archimadrid.com\/wp-content\/uploads\/2025\/07\/1dfd2846-6114-4bb5-9681-cbd930f03f8a-980x451.jpg 980w, https:\/\/enviosclero.archimadrid.com\/wp-content\/uploads\/2025\/07\/1dfd2846-6114-4bb5-9681-cbd930f03f8a-480x221.jpg 480w\" sizes=\"(min-width: 0px) and (max-width: 480px) 480px, (min-width: 481px) and (max-width: 980px) 980px, (min-width: 981px) 1024px, 100vw\" \/><\/p>\n","protected":false},"excerpt":{"rendered":"<p>M\u00e1s de 6.000 sacerdotes procedentes de los cinco continentes han participado en el Jubileo del Clero en el marco del A\u00f1o Santo 2025. \u00abOs he llamado amigos\u00bb.\u00a0No es solo una declaraci\u00f3n afectuosa hacia los disc\u00edpulos, sino una verdadera clave para comprender el ministerio sacerdotal. \u00baEl sacerdote, de hecho, es amigo del Se\u00f1or, llamado a vivir [&hellip;]<\/p>\n","protected":false},"author":2,"featured_media":0,"comment_status":"open","ping_status":"closed","sticky":false,"template":"","format":"standard","meta":{"_et_pb_use_builder":"","_et_pb_old_content":"","_et_gb_content_width":"","footnotes":""},"categories":[1],"tags":[],"class_list":["post-767","post","type-post","status-publish","format-standard","hentry","category-uncategorized"],"_links":{"self":[{"href":"https:\/\/enviosclero.archimadrid.com\/index.php?rest_route=\/wp\/v2\/posts\/767","targetHints":{"allow":["GET"]}}],"collection":[{"href":"https:\/\/enviosclero.archimadrid.com\/index.php?rest_route=\/wp\/v2\/posts"}],"about":[{"href":"https:\/\/enviosclero.archimadrid.com\/index.php?rest_route=\/wp\/v2\/types\/post"}],"author":[{"embeddable":true,"href":"https:\/\/enviosclero.archimadrid.com\/index.php?rest_route=\/wp\/v2\/users\/2"}],"replies":[{"embeddable":true,"href":"https:\/\/enviosclero.archimadrid.com\/index.php?rest_route=%2Fwp%2Fv2%2Fcomments&post=767"}],"version-history":[{"count":6,"href":"https:\/\/enviosclero.archimadrid.com\/index.php?rest_route=\/wp\/v2\/posts\/767\/revisions"}],"predecessor-version":[{"id":779,"href":"https:\/\/enviosclero.archimadrid.com\/index.php?rest_route=\/wp\/v2\/posts\/767\/revisions\/779"}],"wp:attachment":[{"href":"https:\/\/enviosclero.archimadrid.com\/index.php?rest_route=%2Fwp%2Fv2%2Fmedia&parent=767"}],"wp:term":[{"taxonomy":"category","embeddable":true,"href":"https:\/\/enviosclero.archimadrid.com\/index.php?rest_route=%2Fwp%2Fv2%2Fcategories&post=767"},{"taxonomy":"post_tag","embeddable":true,"href":"https:\/\/enviosclero.archimadrid.com\/index.php?rest_route=%2Fwp%2Fv2%2Ftags&post=767"}],"curies":[{"name":"wp","href":"https:\/\/api.w.org\/{rel}","templated":true}]}}