{"id":762,"date":"2025-07-03T20:15:46","date_gmt":"2025-07-03T19:15:46","guid":{"rendered":"https:\/\/enviosclero.archimadrid.com\/?p=762"},"modified":"2025-07-04T13:06:30","modified_gmt":"2025-07-04T12:06:30","slug":"encuentro-del-cardenal-cobo-con-sacerdotes-mayores","status":"publish","type":"post","link":"https:\/\/enviosclero.archimadrid.com\/?p=762","title":{"rendered":"Encuentro del Cardenal Cobo con sacerdotes mayores"},"content":{"rendered":"<p>El pasado jueves 19 de junio tuvo lugar el encuentro del Cardenal Cobo con los sacerdotes mayores de 75 a\u00f1os en el Seminario Conciliar.<\/p>\n<p>La jornada comenz\u00f3 con la celebraci\u00f3n de la Eucarist\u00eda en la Capilla del Seminario. A continuaci\u00f3n tuvimos un tiempo de comunicaci\u00f3n y di\u00e1logo en el Salon de Actos, donde pudimos escuchar a nuestro Arzobispo\u00a0 y dialogar sobre los retos de la Iglesia en el momento actual y los propios de la edad. D. Luis Domingo Gutierrez y D. Lucas Berrocal de la Cal realizaron sendas comunicaciones en clave testimonial y aportaron algunas propuestas. La Jornada tuvo tambi\u00e9n un sentido de encuentro intergeneracional, con la presencia de algunos sacerdotes de las promociones m\u00e1s recientes.<\/p>\n<p>Puedes descargar aqu\u00ed la comunicaci\u00f3n de D. Luis Domingo: <a href=\"https:\/\/enviosclero.archimadrid.com\/wp-content\/uploads\/2025\/07\/Comunicacion-LuisDomingo-Encuentro19junio2025.docx\">Comunicacion LuisDomingo<\/a><\/p>\n<p>Puedes descargar aqu\u00ed la comunicaci\u00f3n de D. Lucas Berrocal: <a href=\"https:\/\/enviosclero.archimadrid.com\/wp-content\/uploads\/2025\/07\/Comunicacion-LucasBerrocal.pdf\">Comunicacion LucasBerrocal<\/a><\/p>\n<p>Terminado el momento de comunicaci\u00f3n, finalizamos al jornada participando de una estupenda comida compartida.<\/p>\n<p><img loading=\"lazy\" decoding=\"async\" class=\"aligncenter wp-image-763\" src=\"https:\/\/enviosclero.archimadrid.com\/wp-content\/uploads\/2025\/07\/PHOTO-2025-06-19-17-53-14-1024x768.jpg\" alt=\"\" width=\"600\" height=\"450\" \/><\/p>\n<p><img loading=\"lazy\" decoding=\"async\" class=\"aligncenter wp-image-766\" src=\"https:\/\/enviosclero.archimadrid.com\/wp-content\/uploads\/2025\/07\/PHOTO-2025-06-19-17-53-19-1024x768.jpg\" alt=\"\" width=\"600\" height=\"450\" \/><\/p>\n<p><img loading=\"lazy\" decoding=\"async\" class=\"aligncenter wp-image-764\" src=\"https:\/\/enviosclero.archimadrid.com\/wp-content\/uploads\/2025\/07\/PHOTO-2025-06-19-17-53-15-1024x768.jpg\" alt=\"\" width=\"600\" height=\"450\" \/><\/p>\n","protected":false},"excerpt":{"rendered":"<p>El pasado jueves 19 de junio tuvo lugar el encuentro del Cardenal Cobo con los sacerdotes mayores de 75 a\u00f1os en el Seminario Conciliar. La jornada comenz\u00f3 con la celebraci\u00f3n de la Eucarist\u00eda en la Capilla del Seminario. A continuaci\u00f3n tuvimos un tiempo de comunicaci\u00f3n y di\u00e1logo en el Salon de Actos, donde pudimos escuchar [&hellip;]<\/p>\n","protected":false},"author":2,"featured_media":765,"comment_status":"open","ping_status":"closed","sticky":false,"template":"","format":"standard","meta":{"_et_pb_use_builder":"","_et_pb_old_content":"","_et_gb_content_width":"","footnotes":""},"categories":[1],"tags":[],"class_list":["post-762","post","type-post","status-publish","format-standard","has-post-thumbnail","hentry","category-uncategorized"],"_links":{"self":[{"href":"https:\/\/enviosclero.archimadrid.com\/index.php?rest_route=\/wp\/v2\/posts\/762","targetHints":{"allow":["GET"]}}],"collection":[{"href":"https:\/\/enviosclero.archimadrid.com\/index.php?rest_route=\/wp\/v2\/posts"}],"about":[{"href":"https:\/\/enviosclero.archimadrid.com\/index.php?rest_route=\/wp\/v2\/types\/post"}],"author":[{"embeddable":true,"href":"https:\/\/enviosclero.archimadrid.com\/index.php?rest_route=\/wp\/v2\/users\/2"}],"replies":[{"embeddable":true,"href":"https:\/\/enviosclero.archimadrid.com\/index.php?rest_route=%2Fwp%2Fv2%2Fcomments&post=762"}],"version-history":[{"count":4,"href":"https:\/\/enviosclero.archimadrid.com\/index.php?rest_route=\/wp\/v2\/posts\/762\/revisions"}],"predecessor-version":[{"id":802,"href":"https:\/\/enviosclero.archimadrid.com\/index.php?rest_route=\/wp\/v2\/posts\/762\/revisions\/802"}],"wp:featuredmedia":[{"embeddable":true,"href":"https:\/\/enviosclero.archimadrid.com\/index.php?rest_route=\/wp\/v2\/media\/765"}],"wp:attachment":[{"href":"https:\/\/enviosclero.archimadrid.com\/index.php?rest_route=%2Fwp%2Fv2%2Fmedia&parent=762"}],"wp:term":[{"taxonomy":"category","embeddable":true,"href":"https:\/\/enviosclero.archimadrid.com\/index.php?rest_route=%2Fwp%2Fv2%2Fcategories&post=762"},{"taxonomy":"post_tag","embeddable":true,"href":"https:\/\/enviosclero.archimadrid.com\/index.php?rest_route=%2Fwp%2Fv2%2Ftags&post=762"}],"curies":[{"name":"wp","href":"https:\/\/api.w.org\/{rel}","templated":true}]}}