{"id":759,"date":"2025-07-02T09:53:57","date_gmt":"2025-07-02T08:53:57","guid":{"rendered":"https:\/\/enviosclero.archimadrid.com\/?p=759"},"modified":"2025-07-02T09:55:06","modified_gmt":"2025-07-02T08:55:06","slug":"fiesta-de-jesucristo-sumo-y-eterno-sacerdote","status":"publish","type":"post","link":"https:\/\/enviosclero.archimadrid.com\/?p=759","title":{"rendered":"Fiesta de Jesucristo Sumo y Eterno Sacerdote"},"content":{"rendered":"<p>El pasado 12 de junio, festividad de Jesucristo Sumo y Eterno sacerdote, el Cardenal Arzobispo de Madrid presidi\u00f3 una Eucarist\u00eda en el claustro del Monasterio de las Oblatas de Jesucristo Sacerdote en la que concelebr\u00f3 un nutrido grupo del Presbiterio diocesano.<\/p>\n<p>Archimadrid.org ha publicado una rese\u00f1a del acto: <a href=\"https:\/\/www.archimadrid.org\/index.php\/oficina-de-informacion\/noticias-madrid\/el-cardenal-cobo-a-los-sacerdotes-en-la-fiesta-de-jesucristo-sumo-y-eterno-sacerdote-jesus-pide-la-union-de-los-bautizados-y-la-comunion-entre-nosotros-los-sacerdotes\">Celebracion Jesucristo Sumo y Eterno sacerdote 2025<\/a><\/p>\n","protected":false},"excerpt":{"rendered":"<p>El pasado 12 de junio, festividad de Jesucristo Sumo y Eterno sacerdote, el Cardenal Arzobispo de Madrid presidi\u00f3 una Eucarist\u00eda en el claustro del Monasterio de las Oblatas de Jesucristo Sacerdote en la que concelebr\u00f3 un nutrido grupo del Presbiterio diocesano. Archimadrid.org ha publicado una rese\u00f1a del acto: Celebracion Jesucristo Sumo y Eterno sacerdote 2025<\/p>\n","protected":false},"author":2,"featured_media":761,"comment_status":"open","ping_status":"closed","sticky":false,"template":"","format":"standard","meta":{"_et_pb_use_builder":"","_et_pb_old_content":"","_et_gb_content_width":"","footnotes":""},"categories":[1],"tags":[],"class_list":["post-759","post","type-post","status-publish","format-standard","has-post-thumbnail","hentry","category-uncategorized"],"_links":{"self":[{"href":"https:\/\/enviosclero.archimadrid.com\/index.php?rest_route=\/wp\/v2\/posts\/759","targetHints":{"allow":["GET"]}}],"collection":[{"href":"https:\/\/enviosclero.archimadrid.com\/index.php?rest_route=\/wp\/v2\/posts"}],"about":[{"href":"https:\/\/enviosclero.archimadrid.com\/index.php?rest_route=\/wp\/v2\/types\/post"}],"author":[{"embeddable":true,"href":"https:\/\/enviosclero.archimadrid.com\/index.php?rest_route=\/wp\/v2\/users\/2"}],"replies":[{"embeddable":true,"href":"https:\/\/enviosclero.archimadrid.com\/index.php?rest_route=%2Fwp%2Fv2%2Fcomments&post=759"}],"version-history":[{"count":1,"href":"https:\/\/enviosclero.archimadrid.com\/index.php?rest_route=\/wp\/v2\/posts\/759\/revisions"}],"predecessor-version":[{"id":760,"href":"https:\/\/enviosclero.archimadrid.com\/index.php?rest_route=\/wp\/v2\/posts\/759\/revisions\/760"}],"wp:featuredmedia":[{"embeddable":true,"href":"https:\/\/enviosclero.archimadrid.com\/index.php?rest_route=\/wp\/v2\/media\/761"}],"wp:attachment":[{"href":"https:\/\/enviosclero.archimadrid.com\/index.php?rest_route=%2Fwp%2Fv2%2Fmedia&parent=759"}],"wp:term":[{"taxonomy":"category","embeddable":true,"href":"https:\/\/enviosclero.archimadrid.com\/index.php?rest_route=%2Fwp%2Fv2%2Fcategories&post=759"},{"taxonomy":"post_tag","embeddable":true,"href":"https:\/\/enviosclero.archimadrid.com\/index.php?rest_route=%2Fwp%2Fv2%2Ftags&post=759"}],"curies":[{"name":"wp","href":"https:\/\/api.w.org\/{rel}","templated":true}]}}