{"id":755,"date":"2025-07-03T19:29:46","date_gmt":"2025-07-03T18:29:46","guid":{"rendered":"https:\/\/enviosclero.archimadrid.com\/?p=755"},"modified":"2025-07-04T13:13:17","modified_gmt":"2025-07-04T12:13:17","slug":"cerrando-inscripciones-para-dias-de-descanso-en-chipiona","status":"publish","type":"post","link":"https:\/\/enviosclero.archimadrid.com\/?p=755","title":{"rendered":"Cerrando inscripciones para dias de descanso en Chipiona"},"content":{"rendered":"<p><span style=\"font-size: 16px;\">Desde <strong>el 4 al 13 de agosto, <\/strong>ofrecemos la posibilidad de participar de unos d\u00edas de descanso en la Casa de Espiritualidad del Santuario de Regla (Chipiona). Por si no has tenido oportunidad de conocer la Casa, te pongo aqu\u00ed un enlace a su p\u00e1gina web:\u00a0<a class=\"acym__wysid__content-no-settings-style\" style=\"font-weight: 400; color: #147dc2; background-color: #ffffff;\" href=\"https:\/\/www.santamariaderegla.com\/index.php\/instalaciones\/\" target=\"_blank\" rel=\"noopener\">\u00a0Instalaciones | Santuario Santa Mar\u00eda de Regla<\/a><\/span><\/p>\n<p><span style=\"font-size: 16px;\"><span style=\"color: #993300;\"><strong>Caracter\u00edsticas de la estancia<\/strong><\/span>. La estancia en la Casa es en r\u00e9gimen de pension completa (desayuno, comida, merienda y cena).\u00a0 La Casa pone las s\u00e1banas y toallas y el servicio de limpieza de la habitaci\u00f3n una vez por semana. La Casa no dispone de servicio de atenci\u00f3n geri\u00e1trica ni enfermer\u00eda.<\/span><\/p>\n<p><span style=\"font-size: 16px;\"><span style=\"color: #993300;\"><strong>Precios de estancia<\/strong><\/span>. El precio diario de la habitaci\u00f3n, depende de las caracter\u00edsticas de la misma. Dos opciones:<\/span><\/p>\n<ul>\n<li><span style=\"font-size: 16px;\">Opci\u00f3n 1: habitaci\u00f3n individual con vistas al mar: 80 \u20ac\/d\u00eda (9 d\u00edas: 720 \u20ac).<\/span><\/li>\n<li><span style=\"font-size: 16px;\">Opci\u00f3n 2: habitaci\u00f3n individual interior: 75\u20ac\/d\u00eda (9 d\u00edas: 675 \u20ac)<\/span><\/li>\n<\/ul>\n<p><span style=\"font-size: 16px;\">De cara a lo que puedas aportar del coste de la estancia, pod\u00e9is hablarlo personalmente con el Vicario para el Clero.<\/span><\/p>\n<p><span style=\"font-size: 16px;\"><span style=\"color: #993300;\"><strong>Transporte (Madrid-Chipiona)<\/strong><\/span>: Planteamos dos opciones:<\/span><\/p>\n<ul>\n<li><span style=\"font-size: 16px;\">Opci\u00f3n 1: que cada cual se organice como mejor le parezca y vaya por sus medios.<\/span><\/li>\n<li><span style=\"font-size: 16px;\">Opci\u00f3n 2: organizar conjuntamente coches y\/o furgoneta para el viaje Madrid-Chipiona (Ida y vuelta). Los detalles acerca de la hora y lugar de salida, se concretar\u00edan cuando se supiera quienes se acogen a esta opci\u00f3n. El coste de la gasolina lo cubrir\u00eda la Vicaria del Clero.<\/span><\/li>\n<\/ul>\n<p><span style=\"font-size: 16px;\"><span style=\"color: #993300;\"><strong>Plan de estancia durante esos d\u00edas<\/strong><\/span>. Proponemos cuidar el momento com\u00fan de la Misa cotidiana con los laudes al comenzar el d\u00eda.\u00a0<span style=\"text-decoration: underline;\">Hay que llevar alba y estola<\/span>.\u00a0En todo lo dem\u00e1s, cada uno tiene la posibilidad de organizarse libremente, teniendo en cuenta los horarios de comidas de la propia Casa. No obstante, para aquellos que quieran, se ir\u00e1 proponiendo un plan sencillo para cada d\u00eda, con alguna \u00abexcursi\u00f3n\u00bb si se valora conveniente.<\/span><\/p>\n<p><span style=\"font-size: 16px;\"><span style=\"color: #993300;\"><strong>Formalizaci\u00f3n de la inscripci\u00f3n: plazo y forma de pago<\/strong>.<\/span>\u00a0Con el fin de ayudar a la organizaci\u00f3n de la estancia y el viaje, te rogamos<\/span><span style=\"font-size: 16px;\">\u00a0que\u00a0<span style=\"color: #333399; background-color: #ffff99;\"><strong>nos confirmes tu intenci\u00f3n de participar<\/strong>\u00a0<strong>antes del 15 de julio<\/strong><\/span>\u00a0rellenando el siguiente formulario para que podamos saber qu\u00e9 opciones de habitaci\u00f3n y transporte escoges.<\/span><\/p>\n<p style=\"text-align: center;\"><span style=\"font-size: 16px; color: #0000ff;\"><a class=\"acym__wysid__content-no-settings-style\" style=\"color: #0000ff;\" href=\"https:\/\/forms.office.com\/e\/pLR0GXPYdj\" target=\"_blank\" rel=\"noopener\">PINCHA AQUI: Formulario de inscripcion<\/a><\/span><\/p>\n<p><span style=\"font-size: 16px;\">Si tienes alguna dificultad con el formulario, nos llamas por tel\u00e9fono o nos escribes un correo electr\u00f3nico a\u00a0<span style=\"text-decoration: underline;\"><span style=\"color: #0000ff; text-decoration: underline;\">vicariaclero@archidiocesis.madrid<\/span><\/span>\u00a0y te llamamos para dejarlo todo aclarado.<\/span><\/p>\n<p><span style=\"font-size: 16px;\"><span style=\"color: #993300;\"><strong>El pago<\/strong><\/span>\u00a0relativo a los gastos de estancia deber\u00e1 hacerse a la siguiente cuenta bancaria antes del 25 de julio<\/span><span style=\"font-size: 16px;\">\u00a0<\/span><\/p>\n<p><span style=\"font-size: 16px;\"><span style=\"background-color: inherit; font-family: helvetica, arial, sans-serif; text-align: left;\">Destinatario: Arzobispado de Madrid<\/span><\/span><\/p>\n<p><span style=\"font-family: helvetica, arial, sans-serif; font-size: 16px;\">Numero cuenta:\u00a0\u00a0<span style=\"color: #0a0a0a; line-height: inherit; background-color: inherit; font-weight: 700 !important;\"><span lang=\"ES\">ES19 0075 0123 5106 0022 2768<\/span><\/span><\/span><\/p>\n<p><span style=\"font-size: 16px;\">Concepto: Estancia Chipiona\u00a0 \u00a0&lt;tu nombre y apellidos&gt;<\/span><\/p>\n","protected":false},"excerpt":{"rendered":"<p>Desde el 4 al 13 de agosto, ofrecemos la posibilidad de participar de unos d\u00edas de descanso en la Casa de Espiritualidad del Santuario de Regla (Chipiona). Por si no has tenido oportunidad de conocer la Casa, te pongo aqu\u00ed un enlace a su p\u00e1gina web:\u00a0\u00a0Instalaciones | Santuario Santa Mar\u00eda de Regla Caracter\u00edsticas de la [&hellip;]<\/p>\n","protected":false},"author":2,"featured_media":515,"comment_status":"open","ping_status":"closed","sticky":false,"template":"","format":"standard","meta":{"_et_pb_use_builder":"","_et_pb_old_content":"","_et_gb_content_width":"","footnotes":""},"categories":[1],"tags":[],"class_list":["post-755","post","type-post","status-publish","format-standard","has-post-thumbnail","hentry","category-uncategorized"],"_links":{"self":[{"href":"https:\/\/enviosclero.archimadrid.com\/index.php?rest_route=\/wp\/v2\/posts\/755","targetHints":{"allow":["GET"]}}],"collection":[{"href":"https:\/\/enviosclero.archimadrid.com\/index.php?rest_route=\/wp\/v2\/posts"}],"about":[{"href":"https:\/\/enviosclero.archimadrid.com\/index.php?rest_route=\/wp\/v2\/types\/post"}],"author":[{"embeddable":true,"href":"https:\/\/enviosclero.archimadrid.com\/index.php?rest_route=\/wp\/v2\/users\/2"}],"replies":[{"embeddable":true,"href":"https:\/\/enviosclero.archimadrid.com\/index.php?rest_route=%2Fwp%2Fv2%2Fcomments&post=755"}],"version-history":[{"count":7,"href":"https:\/\/enviosclero.archimadrid.com\/index.php?rest_route=\/wp\/v2\/posts\/755\/revisions"}],"predecessor-version":[{"id":805,"href":"https:\/\/enviosclero.archimadrid.com\/index.php?rest_route=\/wp\/v2\/posts\/755\/revisions\/805"}],"wp:featuredmedia":[{"embeddable":true,"href":"https:\/\/enviosclero.archimadrid.com\/index.php?rest_route=\/wp\/v2\/media\/515"}],"wp:attachment":[{"href":"https:\/\/enviosclero.archimadrid.com\/index.php?rest_route=%2Fwp%2Fv2%2Fmedia&parent=755"}],"wp:term":[{"taxonomy":"category","embeddable":true,"href":"https:\/\/enviosclero.archimadrid.com\/index.php?rest_route=%2Fwp%2Fv2%2Fcategories&post=755"},{"taxonomy":"post_tag","embeddable":true,"href":"https:\/\/enviosclero.archimadrid.com\/index.php?rest_route=%2Fwp%2Fv2%2Ftags&post=755"}],"curies":[{"name":"wp","href":"https:\/\/api.w.org\/{rel}","templated":true}]}}