{"id":752,"date":"2025-07-01T16:32:29","date_gmt":"2025-07-01T15:32:29","guid":{"rendered":"https:\/\/enviosclero.archimadrid.com\/?p=752"},"modified":"2025-07-03T19:39:49","modified_gmt":"2025-07-03T18:39:49","slug":"curso-liderazgo-sacerdotal-con-fundacion-autem-2a-edicion","status":"publish","type":"post","link":"https:\/\/enviosclero.archimadrid.com\/?p=752","title":{"rendered":"Curso Liderazgo sacerdotal Autem (2\u00aa edici\u00f3n). Fechas e inscripci\u00f3n"},"content":{"rendered":"<p>\u00abEn la experiencia del discipulado, de hecho, siempre existe el riesgo de caer en la rutina, en el ritualismo, en esquemas pastorales que se repiten sin renovarse y sin captar los desaf\u00edos del presente\u00bb (homil\u00eda Papa Leon 29 junio 2025)<\/p>\n<p>\u201cLa conversi\u00f3n pastoral implica la conversi\u00f3n del coraz\u00f3n del pastor, volver a la primera llamada, la oraci\u00f3n, la palabra y estar cerca de las ovejas\u201d. (Papa Francisco)<\/p>\n<p>Durante este curso 22 sacerdotes han participado del Programa de desarrollo del liderazgo sacerdotal que ha impartido la fundaci\u00f3n AUTEM en nuestra Archidi\u00f3cesis de Madrid.<\/p>\n<p>Este programa de liderazgo sacerdotal es un programa de transformaci\u00f3n integral del liderazgo del sacerdote y una oportunidad de revisar su identidad sacerdotal. Se busca que el sacerdote tome conciencia de su identidad como sacerdote, su identidad como l\u00edder y pueda transformar los paradigmas desde los que vive su triple munera, especialmente el munus regendi. Se intenta generar un cambio personal sostenible en el tiempo y ofrecer una hoja de ruta concreta del proceso de conversi\u00f3n pastoral, as\u00ed como capacitar a los sacerdotes para que puedan llevar a cabo la conversi\u00f3n pastoral en sus parroquias y contribuir a la transformaci\u00f3n de la iglesia.<\/p>\n<p>Las fechas fijadas para los cinco m\u00f3dulos son las siguientes:<\/p>\n<ul>\n<li>m\u00f3dulo 1: 3-5 noviembre<\/li>\n<li>\u00a0m\u00f3dulo 2: 15-17 diciembre<\/li>\n<li>m\u00f3dulo 3: 2-4 febrero<\/li>\n<li>m\u00f3dulo 4: 23-25 marzo<\/li>\n<li>m\u00f3dulo 5: 18-20 mayo<\/li>\n<\/ul>\n<p><strong>Si est\u00e1s interesado en participar<\/strong> en la segunda edici\u00f3n de este curso, que ofreceremos a lo largo del curso pastoral 2025-26, d\u00ednoslo: <a href=\"https:\/\/forms.office.com\/e\/u3NjWJ3Pmz\">https:\/\/forms.office.com\/e\/u3NjWJ3Pmz<\/a><\/p>\n<p>&nbsp;<\/p>\n","protected":false},"excerpt":{"rendered":"<p>\u00abEn la experiencia del discipulado, de hecho, siempre existe el riesgo de caer en la rutina, en el ritualismo, en esquemas pastorales que se repiten sin renovarse y sin captar los desaf\u00edos del presente\u00bb (homil\u00eda Papa Leon 29 junio 2025) \u201cLa conversi\u00f3n pastoral implica la conversi\u00f3n del coraz\u00f3n del pastor, volver a la primera llamada, [&hellip;]<\/p>\n","protected":false},"author":2,"featured_media":706,"comment_status":"open","ping_status":"closed","sticky":false,"template":"","format":"standard","meta":{"_et_pb_use_builder":"","_et_pb_old_content":"","_et_gb_content_width":"","footnotes":""},"categories":[1],"tags":[],"class_list":["post-752","post","type-post","status-publish","format-standard","has-post-thumbnail","hentry","category-uncategorized"],"_links":{"self":[{"href":"https:\/\/enviosclero.archimadrid.com\/index.php?rest_route=\/wp\/v2\/posts\/752","targetHints":{"allow":["GET"]}}],"collection":[{"href":"https:\/\/enviosclero.archimadrid.com\/index.php?rest_route=\/wp\/v2\/posts"}],"about":[{"href":"https:\/\/enviosclero.archimadrid.com\/index.php?rest_route=\/wp\/v2\/types\/post"}],"author":[{"embeddable":true,"href":"https:\/\/enviosclero.archimadrid.com\/index.php?rest_route=\/wp\/v2\/users\/2"}],"replies":[{"embeddable":true,"href":"https:\/\/enviosclero.archimadrid.com\/index.php?rest_route=%2Fwp%2Fv2%2Fcomments&post=752"}],"version-history":[{"count":4,"href":"https:\/\/enviosclero.archimadrid.com\/index.php?rest_route=\/wp\/v2\/posts\/752\/revisions"}],"predecessor-version":[{"id":776,"href":"https:\/\/enviosclero.archimadrid.com\/index.php?rest_route=\/wp\/v2\/posts\/752\/revisions\/776"}],"wp:featuredmedia":[{"embeddable":true,"href":"https:\/\/enviosclero.archimadrid.com\/index.php?rest_route=\/wp\/v2\/media\/706"}],"wp:attachment":[{"href":"https:\/\/enviosclero.archimadrid.com\/index.php?rest_route=%2Fwp%2Fv2%2Fmedia&parent=752"}],"wp:term":[{"taxonomy":"category","embeddable":true,"href":"https:\/\/enviosclero.archimadrid.com\/index.php?rest_route=%2Fwp%2Fv2%2Fcategories&post=752"},{"taxonomy":"post_tag","embeddable":true,"href":"https:\/\/enviosclero.archimadrid.com\/index.php?rest_route=%2Fwp%2Fv2%2Ftags&post=752"}],"curies":[{"name":"wp","href":"https:\/\/api.w.org\/{rel}","templated":true}]}}