{"id":709,"date":"2025-06-03T11:24:14","date_gmt":"2025-06-03T10:24:14","guid":{"rendered":"https:\/\/enviosclero.archimadrid.com\/?p=709"},"modified":"2025-06-03T12:05:01","modified_gmt":"2025-06-03T11:05:01","slug":"homilia-del-cardenal","status":"publish","type":"post","link":"https:\/\/enviosclero.archimadrid.com\/?p=709","title":{"rendered":"Homilia del Cardenal en las ordenaciones sacerdotales"},"content":{"rendered":"<p>De la homil\u00eda del Cardenal Cobo en la celebraci\u00f3n de las ordenaciones sacerdotales del 24 de mayo:<\/p>\n<p>Una llamada de amor. Ha sido una llamada por vuestro nombre. Llamada acogida y discernida comunitariamente en estos a\u00f1os de preparaci\u00f3n en el Seminario con vuestros formadores, compa\u00f1eros y con el pueblo De Dios.<\/p>\n<p>Gracias a todas las comunidades parroquiales y grupos que hab\u00e9is acompa\u00f1ado estos a\u00f1os a estos nuevos sacerdotes, y que les seguir\u00e9is acompa\u00f1ando con vuestra acogida, afecto y oraci\u00f3n. Estos son los que os regala el Se\u00f1or, os pertenecen y ellos se entregar\u00e1n a esta comunidad diocesana sin mirar hasta d\u00f3nde.<\/p>\n<p>En este momento solemne y alegre tengamos un recuerdo agradecido a los sacerdotes que os acompa\u00f1an, a los que han estado ah\u00ed y a los m\u00e1s ancianos por su testimonio largo y profundo de vidas sacerdotales gastadas y desgastadas sirviendo al pueblo de Dios.<\/p>\n<p>Pod\u00e9is descargar el texto integro aqu\u00ed: <a href=\"https:\/\/enviosclero.archimadrid.com\/wp-content\/uploads\/2025\/06\/2025-05-24-Homilia-ordenacion-presbiteros-mayo-2025.docx\">2025-05-24-Homili\u0301a ordenacio\u0301n presbiteros mayo 2025<\/a><\/p>\n","protected":false},"excerpt":{"rendered":"<p>De la homil\u00eda del Cardenal Cobo en la celebraci\u00f3n de las ordenaciones sacerdotales del 24 de mayo: Una llamada de amor. Ha sido una llamada por vuestro nombre. Llamada acogida y discernida comunitariamente en estos a\u00f1os de preparaci\u00f3n en el Seminario con vuestros formadores, compa\u00f1eros y con el pueblo De Dios. Gracias a todas las [&hellip;]<\/p>\n","protected":false},"author":2,"featured_media":714,"comment_status":"open","ping_status":"closed","sticky":false,"template":"","format":"standard","meta":{"_et_pb_use_builder":"","_et_pb_old_content":"","_et_gb_content_width":"","footnotes":""},"categories":[1],"tags":[],"class_list":["post-709","post","type-post","status-publish","format-standard","has-post-thumbnail","hentry","category-uncategorized"],"_links":{"self":[{"href":"https:\/\/enviosclero.archimadrid.com\/index.php?rest_route=\/wp\/v2\/posts\/709","targetHints":{"allow":["GET"]}}],"collection":[{"href":"https:\/\/enviosclero.archimadrid.com\/index.php?rest_route=\/wp\/v2\/posts"}],"about":[{"href":"https:\/\/enviosclero.archimadrid.com\/index.php?rest_route=\/wp\/v2\/types\/post"}],"author":[{"embeddable":true,"href":"https:\/\/enviosclero.archimadrid.com\/index.php?rest_route=\/wp\/v2\/users\/2"}],"replies":[{"embeddable":true,"href":"https:\/\/enviosclero.archimadrid.com\/index.php?rest_route=%2Fwp%2Fv2%2Fcomments&post=709"}],"version-history":[{"count":7,"href":"https:\/\/enviosclero.archimadrid.com\/index.php?rest_route=\/wp\/v2\/posts\/709\/revisions"}],"predecessor-version":[{"id":731,"href":"https:\/\/enviosclero.archimadrid.com\/index.php?rest_route=\/wp\/v2\/posts\/709\/revisions\/731"}],"wp:featuredmedia":[{"embeddable":true,"href":"https:\/\/enviosclero.archimadrid.com\/index.php?rest_route=\/wp\/v2\/media\/714"}],"wp:attachment":[{"href":"https:\/\/enviosclero.archimadrid.com\/index.php?rest_route=%2Fwp%2Fv2%2Fmedia&parent=709"}],"wp:term":[{"taxonomy":"category","embeddable":true,"href":"https:\/\/enviosclero.archimadrid.com\/index.php?rest_route=%2Fwp%2Fv2%2Fcategories&post=709"},{"taxonomy":"post_tag","embeddable":true,"href":"https:\/\/enviosclero.archimadrid.com\/index.php?rest_route=%2Fwp%2Fv2%2Ftags&post=709"}],"curies":[{"name":"wp","href":"https:\/\/api.w.org\/{rel}","templated":true}]}}