{"id":680,"date":"2025-05-31T17:31:34","date_gmt":"2025-05-31T16:31:34","guid":{"rendered":"https:\/\/enviosclero.archimadrid.com\/?p=680"},"modified":"2025-05-31T18:24:11","modified_gmt":"2025-05-31T17:24:11","slug":"festividad-de-jesucristo-sumo-y-eterno-sacerdote","status":"publish","type":"post","link":"https:\/\/enviosclero.archimadrid.com\/?p=680","title":{"rendered":"Festividad de Jesucristo Sumo y Eterno Sacerdote (12 junio)"},"content":{"rendered":"<p>Las HH. Oblatas de Cristo Sacerdote nos invitan, como todos los a\u00f1os, a celebrar la fiesta de Jesucristo Sumo y Eterno Sacerdote Copiamos a continuaci\u00f3n su carta de invitaci\u00f3n a todos los sacerdotes:<\/p>\n<p>MUY QUERIDOS SACERDOTES:<\/p>\n<p>EL <span style=\"color: #333399;\">JUEVES <u>12<\/u> DE JUNIO<\/span>, FIESTA DE JESUCRISTO SUMO Y ETERNO SACERDOTE, A LAS <u>DOCE DE LA MA\u00d1ANA<\/u>, TENDREMOS UNA CONCELEBRACI\u00d3N EN EL CLAUSTRO DE NUESTRO MONASTERIO, QUE PRESIDIR\u00c1 NUESTRO OBISPO, EL CARDENAL MONS. JOS\u00c9 COBO.<\/p>\n<p>COMO TODOS LOS A\u00d1OS, NOS REUNIMOS PARA DAR GLORIA A JESUCRISTO, \u00daNICO SACERDOTE, Y AGRADECER EL DON DEL SACERDOCIO A SU IGLESIA. LA LITURGIA Y EL ENCUENTRO SACERDOTAL DE ESE D\u00cdA SON UNA BENDICI\u00d3N DE DIOS PARA RENOVARSE Y COGER FUERZAS. PARA NOSOTRAS ES UNA OCASI\u00d3N DE MANIFESTARLES EL CARI\u00d1O Y AGRADECIMIENTO QUE VIVIMOS CADA D\u00cdA DESDE EL CORAZ\u00d3N DE CRISTO.<\/p>\n<p>LES ESPERAMOS A TODOS.<\/p>\n<p>DESPU\u00c9S DE LA MISA HABR\u00c1 UN PISCOLABIS EN EL QUE PUEDEN GOZAR DE LA ALEGR\u00cdA FRATERNA SACERDOTAL EN LAS DEPENDENCIAS Y HUERTA DEL MONASTERIO.<\/p>\n<p><span style=\"color: #333399;\">POR FAVOR, TRAIGAN ALBA Y ESTOLA BLANCA<\/span><\/p>\n<p>Teresa L\u00f3pez-Orozco Valenzuela.<\/p>\n<p><em>Madre General <\/em><em>HH.Oblatas de Cristo Sacerdote<\/em><\/p>\n<p><em>Monasterio Santa Mar\u00eda de la Almudena. C\/ General Aranaz,22.<\/em><\/p>\n","protected":false},"excerpt":{"rendered":"<p>Las HH. Oblatas de Cristo Sacerdote nos invitan, como todos los a\u00f1os, a celebrar la fiesta de Jesucristo Sumo y Eterno Sacerdote Copiamos a continuaci\u00f3n su carta de invitaci\u00f3n a todos los sacerdotes: MUY QUERIDOS SACERDOTES: EL JUEVES 12 DE JUNIO, FIESTA DE JESUCRISTO SUMO Y ETERNO SACERDOTE, A LAS DOCE DE LA MA\u00d1ANA, TENDREMOS [&hellip;]<\/p>\n","protected":false},"author":2,"featured_media":689,"comment_status":"open","ping_status":"closed","sticky":false,"template":"","format":"standard","meta":{"_et_pb_use_builder":"","_et_pb_old_content":"","_et_gb_content_width":"","footnotes":""},"categories":[1],"tags":[],"class_list":["post-680","post","type-post","status-publish","format-standard","has-post-thumbnail","hentry","category-uncategorized"],"_links":{"self":[{"href":"https:\/\/enviosclero.archimadrid.com\/index.php?rest_route=\/wp\/v2\/posts\/680","targetHints":{"allow":["GET"]}}],"collection":[{"href":"https:\/\/enviosclero.archimadrid.com\/index.php?rest_route=\/wp\/v2\/posts"}],"about":[{"href":"https:\/\/enviosclero.archimadrid.com\/index.php?rest_route=\/wp\/v2\/types\/post"}],"author":[{"embeddable":true,"href":"https:\/\/enviosclero.archimadrid.com\/index.php?rest_route=\/wp\/v2\/users\/2"}],"replies":[{"embeddable":true,"href":"https:\/\/enviosclero.archimadrid.com\/index.php?rest_route=%2Fwp%2Fv2%2Fcomments&post=680"}],"version-history":[{"count":2,"href":"https:\/\/enviosclero.archimadrid.com\/index.php?rest_route=\/wp\/v2\/posts\/680\/revisions"}],"predecessor-version":[{"id":688,"href":"https:\/\/enviosclero.archimadrid.com\/index.php?rest_route=\/wp\/v2\/posts\/680\/revisions\/688"}],"wp:featuredmedia":[{"embeddable":true,"href":"https:\/\/enviosclero.archimadrid.com\/index.php?rest_route=\/wp\/v2\/media\/689"}],"wp:attachment":[{"href":"https:\/\/enviosclero.archimadrid.com\/index.php?rest_route=%2Fwp%2Fv2%2Fmedia&parent=680"}],"wp:term":[{"taxonomy":"category","embeddable":true,"href":"https:\/\/enviosclero.archimadrid.com\/index.php?rest_route=%2Fwp%2Fv2%2Fcategories&post=680"},{"taxonomy":"post_tag","embeddable":true,"href":"https:\/\/enviosclero.archimadrid.com\/index.php?rest_route=%2Fwp%2Fv2%2Ftags&post=680"}],"curies":[{"name":"wp","href":"https:\/\/api.w.org\/{rel}","templated":true}]}}