{"id":676,"date":"2025-05-31T17:19:32","date_gmt":"2025-05-31T16:19:32","guid":{"rendered":"https:\/\/enviosclero.archimadrid.com\/?p=676"},"modified":"2025-06-03T11:21:56","modified_gmt":"2025-06-03T10:21:56","slug":"ordenaciones-sacerdotales-2","status":"publish","type":"post","link":"https:\/\/enviosclero.archimadrid.com\/?p=676","title":{"rendered":"Ordenaciones sacerdotales"},"content":{"rendered":"<p>\u00abLa alegr\u00eda nos re\u00fane. El pueblo de Dios se alegra\u00bb. Eran las primeras palabras del cardenal Jos\u00e9 Cobo, arzobispo de Madrid, en la solemne celebraci\u00f3n de las ordenaciones presbiterales en la catedral de la Almudena, este s\u00e1bado, 24 de mayo. S\u00ed.\u00a0<strong>La alegr\u00eda desbordaba en una catedral repleta, incluidos pasillos y laterales, de familiares y amigos de los que en minutos iban a ser nuevos presb\u00edteros para la di\u00f3cesis de Madrid<\/strong><\/p>\n<ul>\n<li>Antonio Gil-Delgado Ruiz de la Prada<\/li>\n<li>H\u00e9ctor Gregorio Crespo<\/li>\n<li>Adri\u00e1n Le\u00f3n Soltero<\/li>\n<li>Jaime L\u00f3pez-Riob\u00f3o Z\u00e1rate<\/li>\n<li>Juan Ordu\u00f1a M\u00e9ndez<\/li>\n<li>\u00c1lvaro P\u00e9rez Turbid\u00ed<\/li>\n<li>Roberto Reyes Guzm\u00e1n<\/li>\n<li>Jes\u00fas Rodr\u00edguez Jara<\/li>\n<li>Juan Jos\u00e9 Rodr\u00edguez Rojas<\/li>\n<li>Carlos Tamames Grech<\/li>\n<li>Pablo Vidal Gonz\u00e1lez.<\/li>\n<\/ul>\n<p>Pod\u00e9is leer la noticia completa de las ordenaciones publicada en Archimadrid: <a href=\"https:\/\/www.archimadrid.org\/index.php\/oficina-de-informacion\/noticias-madrid\/el-cardenal-jose-cobo-a-los-nuevos-sacerdotes-de-la-diocesis-de-madrid-desde-este-dia-os-debeis-en-amor-a-jesucristo-y-a-su-iglesia\" target=\"_blank\" rel=\"noopener\">Ordenaciones sacerdotales 24 de mayo<\/a><\/p>\n","protected":false},"excerpt":{"rendered":"<p>\u00abLa alegr\u00eda nos re\u00fane. El pueblo de Dios se alegra\u00bb. Eran las primeras palabras del cardenal Jos\u00e9 Cobo, arzobispo de Madrid, en la solemne celebraci\u00f3n de las ordenaciones presbiterales en la catedral de la Almudena, este s\u00e1bado, 24 de mayo. S\u00ed.\u00a0La alegr\u00eda desbordaba en una catedral repleta, incluidos pasillos y laterales, de familiares y amigos [&hellip;]<\/p>\n","protected":false},"author":2,"featured_media":698,"comment_status":"open","ping_status":"closed","sticky":false,"template":"","format":"standard","meta":{"_et_pb_use_builder":"","_et_pb_old_content":"","_et_gb_content_width":"","footnotes":""},"categories":[1],"tags":[],"class_list":["post-676","post","type-post","status-publish","format-standard","has-post-thumbnail","hentry","category-uncategorized"],"_links":{"self":[{"href":"https:\/\/enviosclero.archimadrid.com\/index.php?rest_route=\/wp\/v2\/posts\/676","targetHints":{"allow":["GET"]}}],"collection":[{"href":"https:\/\/enviosclero.archimadrid.com\/index.php?rest_route=\/wp\/v2\/posts"}],"about":[{"href":"https:\/\/enviosclero.archimadrid.com\/index.php?rest_route=\/wp\/v2\/types\/post"}],"author":[{"embeddable":true,"href":"https:\/\/enviosclero.archimadrid.com\/index.php?rest_route=\/wp\/v2\/users\/2"}],"replies":[{"embeddable":true,"href":"https:\/\/enviosclero.archimadrid.com\/index.php?rest_route=%2Fwp%2Fv2%2Fcomments&post=676"}],"version-history":[{"count":5,"href":"https:\/\/enviosclero.archimadrid.com\/index.php?rest_route=\/wp\/v2\/posts\/676\/revisions"}],"predecessor-version":[{"id":711,"href":"https:\/\/enviosclero.archimadrid.com\/index.php?rest_route=\/wp\/v2\/posts\/676\/revisions\/711"}],"wp:featuredmedia":[{"embeddable":true,"href":"https:\/\/enviosclero.archimadrid.com\/index.php?rest_route=\/wp\/v2\/media\/698"}],"wp:attachment":[{"href":"https:\/\/enviosclero.archimadrid.com\/index.php?rest_route=%2Fwp%2Fv2%2Fmedia&parent=676"}],"wp:term":[{"taxonomy":"category","embeddable":true,"href":"https:\/\/enviosclero.archimadrid.com\/index.php?rest_route=%2Fwp%2Fv2%2Fcategories&post=676"},{"taxonomy":"post_tag","embeddable":true,"href":"https:\/\/enviosclero.archimadrid.com\/index.php?rest_route=%2Fwp%2Fv2%2Ftags&post=676"}],"curies":[{"name":"wp","href":"https:\/\/api.w.org\/{rel}","templated":true}]}}