{"id":674,"date":"2025-05-31T17:03:29","date_gmt":"2025-05-31T16:03:29","guid":{"rendered":"https:\/\/enviosclero.archimadrid.com\/?p=674"},"modified":"2025-06-03T11:50:47","modified_gmt":"2025-06-03T10:50:47","slug":"el-cardenal-se-reune-con-los-sacerdotes-jovenes-de-madrid","status":"publish","type":"post","link":"https:\/\/enviosclero.archimadrid.com\/?p=674","title":{"rendered":"El Cardenal se reune con los sacerdotes j\u00f3venes de Madrid"},"content":{"rendered":"<p>El pasado 28 de mayo, el cardenal Jos\u00e9 Cobo, arzobispo de Madrid, ha mantenido un encuentro con los sacerdotes j\u00f3venes de la di\u00f3cesis. Durante la reuni\u00f3n, en la Casa Cristo Rey de Pozuelo de Alarc\u00f3n, <strong>el cardenal los ha animado en su ministerio<\/strong>, y ha afirmado que desde la comunidad diocesana se vertebra toda la actividad pastoral. \u00abEs bonito que tengamos la referencia de la comunidad grande a la que pertenecemos\u00bb.<\/p>\n<p><img loading=\"lazy\" decoding=\"async\" class=\"aligncenter size-large wp-image-722\" src=\"https:\/\/enviosclero.archimadrid.com\/wp-content\/uploads\/2025\/05\/58599f18-542a-4309-bfdb-d9d5e34041e3-1024x768.jpg\" alt=\"\" width=\"1024\" height=\"768\" srcset=\"https:\/\/enviosclero.archimadrid.com\/wp-content\/uploads\/2025\/05\/58599f18-542a-4309-bfdb-d9d5e34041e3-980x735.jpg 980w, https:\/\/enviosclero.archimadrid.com\/wp-content\/uploads\/2025\/05\/58599f18-542a-4309-bfdb-d9d5e34041e3-480x360.jpg 480w\" sizes=\"(min-width: 0px) and (max-width: 480px) 480px, (min-width: 481px) and (max-width: 980px) 980px, (min-width: 981px) 1024px, 100vw\" \/><\/p>\n<p>Y \u00abvosotros, que ven\u00eds con m\u00e1s fuerza,\u00a0<strong>os toca ejercer un cambio<\/strong>\u00bb, adaptado a \u00abla novedad de este tiempo nuevo\u00bb. Les ha transmitido la pasi\u00f3n para esta transici\u00f3n y para eso \u00abcuento con vosotros\u00bb.<\/p>\n<p>Pod\u00e9is encontrar la noticia publicada en la web de Archimadrid en este enlace: \u00a0<a href=\"https:\/\/www.archimadrid.org\/index.php\/oficina-de-informacion\/noticias-madrid\/el-cardenal-jose-cobo-se-reune-con-los-sacerdotes-jovenes-de-madrid-que-nunca-dejemos-de-tener-una-vision-diocesana\" target=\"_blank\" rel=\"noopener\">El Cardenal se re\u00fane con los sacerdotes j\u00f3venes<\/a><\/p>\n","protected":false},"excerpt":{"rendered":"<p>El pasado 28 de mayo, el cardenal Jos\u00e9 Cobo, arzobispo de Madrid, ha mantenido un encuentro con los sacerdotes j\u00f3venes de la di\u00f3cesis. Durante la reuni\u00f3n, en la Casa Cristo Rey de Pozuelo de Alarc\u00f3n, el cardenal los ha animado en su ministerio, y ha afirmado que desde la comunidad diocesana se vertebra toda la [&hellip;]<\/p>\n","protected":false},"author":2,"featured_media":721,"comment_status":"open","ping_status":"closed","sticky":false,"template":"","format":"standard","meta":{"_et_pb_use_builder":"","_et_pb_old_content":"","_et_gb_content_width":"","footnotes":""},"categories":[1],"tags":[],"class_list":["post-674","post","type-post","status-publish","format-standard","has-post-thumbnail","hentry","category-uncategorized"],"_links":{"self":[{"href":"https:\/\/enviosclero.archimadrid.com\/index.php?rest_route=\/wp\/v2\/posts\/674","targetHints":{"allow":["GET"]}}],"collection":[{"href":"https:\/\/enviosclero.archimadrid.com\/index.php?rest_route=\/wp\/v2\/posts"}],"about":[{"href":"https:\/\/enviosclero.archimadrid.com\/index.php?rest_route=\/wp\/v2\/types\/post"}],"author":[{"embeddable":true,"href":"https:\/\/enviosclero.archimadrid.com\/index.php?rest_route=\/wp\/v2\/users\/2"}],"replies":[{"embeddable":true,"href":"https:\/\/enviosclero.archimadrid.com\/index.php?rest_route=%2Fwp%2Fv2%2Fcomments&post=674"}],"version-history":[{"count":5,"href":"https:\/\/enviosclero.archimadrid.com\/index.php?rest_route=\/wp\/v2\/posts\/674\/revisions"}],"predecessor-version":[{"id":729,"href":"https:\/\/enviosclero.archimadrid.com\/index.php?rest_route=\/wp\/v2\/posts\/674\/revisions\/729"}],"wp:featuredmedia":[{"embeddable":true,"href":"https:\/\/enviosclero.archimadrid.com\/index.php?rest_route=\/wp\/v2\/media\/721"}],"wp:attachment":[{"href":"https:\/\/enviosclero.archimadrid.com\/index.php?rest_route=%2Fwp%2Fv2%2Fmedia&parent=674"}],"wp:term":[{"taxonomy":"category","embeddable":true,"href":"https:\/\/enviosclero.archimadrid.com\/index.php?rest_route=%2Fwp%2Fv2%2Fcategories&post=674"},{"taxonomy":"post_tag","embeddable":true,"href":"https:\/\/enviosclero.archimadrid.com\/index.php?rest_route=%2Fwp%2Fv2%2Ftags&post=674"}],"curies":[{"name":"wp","href":"https:\/\/api.w.org\/{rel}","templated":true}]}}