{"id":670,"date":"2025-05-31T16:57:49","date_gmt":"2025-05-31T15:57:49","guid":{"rendered":"https:\/\/enviosclero.archimadrid.com\/?p=670"},"modified":"2025-06-03T11:45:35","modified_gmt":"2025-06-03T10:45:35","slug":"curso-de-liderazgo-sacerdotal-con-la-fundacion-autem","status":"publish","type":"post","link":"https:\/\/enviosclero.archimadrid.com\/?p=670","title":{"rendered":"Curso de Liderazgo sacerdotal con la fundaci\u00f3n Autem"},"content":{"rendered":"<p>\u201cLa conversi\u00f3n pastoral implica la conversi\u00f3n del coraz\u00f3n del pastor, volver a la primera llamada, la oraci\u00f3n, la palabra y estar cerca de las ovejas\u201d. (Papa Francisco)<\/p>\n<p>Durante este curso 22 sacerdotes han participado del Programa de desarrollo del liderazgo sacerdotal que ha impartido la fundaci\u00f3n AUTEM en nuestra Archidi\u00f3cesis de Madrid.<\/p>\n<p>Este programa de liderazgo sacerdotal es un programa de transformaci\u00f3n integral del liderazgo del sacerdote y una oportunidad de revisar su identidad sacerdotal. Se busca que el sacerdote tome conciencia de su identidad como sacerdote, su identidad como l\u00edder y pueda transformar los paradigmas desde los que vive su triple munera, especialmente el munus regendi. Se intenta generar un cambio personal sostenible en el tiempo y ofrecer una hoja de ruta concreta del proceso de conversi\u00f3n pastoral, as\u00ed como capacitar a los sacerdotes para que puedan llevar a cabo la conversi\u00f3n pastoral en sus parroquias y contribuir a la transformaci\u00f3n de la iglesia.<\/p>\n<p>Si est\u00e1s interesado en participar en la segunda edici\u00f3n de este curso, que ofreceremos a lo largo del curso pastoral 2025-26, d\u00ednoslo: <a href=\"https:\/\/forms.office.com\/e\/u3NjWJ3Pmz\">https:\/\/forms.office.com\/e\/u3NjWJ3Pmz<\/a><\/p>\n<p>Ofrecemos algunos testimonios de sacerdotes que han participado en esta primera edici\u00f3n del Curso:<\/p>\n<p><strong>Joaqu\u00edn Hern\u00e1ndez,<\/strong> p\u00e1rroco de San Clemente Romano: He quedado muy asombrado con la experiencia del curso Autem. Lo primero que me llam\u00f3 la atenci\u00f3n es la profesionalidad, me di cuenta de que lo que comenz\u00e1bamos iba en serio. Y lo segundo, la profundidad. He aprendido que ser l\u00edder no es hacer una serie de cosas, sino algo que conecta con mi identidad de sacerdote. Estoy seguro de que la gran beneficiaria ser\u00e1 mi parroquia.<\/p>\n<p><strong>Pedro Jos\u00e9 Lamata<\/strong>, p\u00e1rroco de San Fulgencio y San Bernardo: Me inscrib\u00ed en AUTEM con la profunda insatisfacci\u00f3n de haber participado en muchos momentos de formaci\u00f3n que no hab\u00edan logrado hacerme vibrar con el servicio pastoral en estos tiempos que corren. Me fi\u00e9, eso s\u00ed, de nuestra di\u00f3cesis y de la inspiraci\u00f3n tan honda que ten\u00edan las mujeres que vinieron a presentarnos el curso a los sacerdotes de Madrid. Y reconozco que ha sido la experiencia sacerdotal m\u00e1s completa que he vivido. AUTEM siempre parte de la identidad sacerdotal y eso conmueve y potencia lo mejor de nuestra propia riqueza personal. Conecta con \u00abmi vocaci\u00f3n\u00bb, con \u00abmi llamada de Dios\u00bb, con el \u00abmisterio de mi elecci\u00f3n\u00bb por parte del Se\u00f1or. Y re-conecta ese potente don de Dios con el ministerio que nos haya encomendado el obispo . Re-conecta con la conversi\u00f3n pastoral de nuestras comunidades tal y como nos lo pide nuestro obispo (y, con \u00e9l, la Iglesia entera). Re-conecta con los compa\u00f1eros, con la fraternidad en el presbiterio, con la sinodalidad en el modo de relacionarnos, de mirar o de escuchar a los otros sacerdotes. Y sobre todo al obispo. Y finalmente AUTEM nos permite re-conectar con el pueblo de Dios. Nos capacita para conocer en nosotros las din\u00e1micas creativas que permitir\u00e1n acompa\u00f1ar -al Pueblo que se nos ha encomendado- a una nueva vitalidad misionera, a una nueva espiritualidad de la comuni\u00f3n y a unas nuevas estructuras pastorales nacidas del Esp\u00edritu Santo en una cultura nueva, sinodal, actual, esperanzada. AUTEM me ha ayudado tambi\u00e9n a confesarme de otra manera. A comprender otros dinamismos \u00abreactivos\u00bb que me impiden avanzar en mi relaci\u00f3n con el Se\u00f1or y con su Pueblo. Din\u00e1micas con la que yo mismo dinamito la confianza de los dem\u00e1s, impido en m\u00ed el liderazgo que Dios quiere, rompo la comuni\u00f3n con los otros sacerdotes o con el obispo, y termino cayendo en los mismos errores que pretend\u00eda evitar: el clericalismo, el voluntarismo, el activismo, el gnosticismo, ser un funcionario, o vivir sin fe en el Esp\u00edritu Santo y en su acci\u00f3n en la Iglesia. Estoy plenamente disponible a lo que pueda necesitar de m\u00ed la Iglesia porque en AUTEM he podido conectar mi vocaci\u00f3n con la misi\u00f3n que, en este momento, le toca vivir a nuestra di\u00f3cesis. Y conf\u00edo de un modo nuevo en que el Esp\u00edritu Santo ser\u00e1 quien lleve esta obra a buen t\u00e9rmino.<\/p>\n<p><strong>Bernab\u00e9 Rico,<\/strong> vicario parroquial de San Clemente Romano: Autem no es un curso sobre m\u00e9todos en el que te dan unas herramientas y te dicen lo que tienes que hacer como si esto fuera una cosa de _management_ . Autem es una experiencia de redescubrimiento y reavivamiento del ministerio, especialmente del _munus regendi_ . Es un camino vivido con hermanos laicos y sacerdotes en el que se experimenta que la Iglesia est\u00e1 viva, que el sacerdocio y la pastoral pueden ser fecundos, que el trabajo en la parroquia no es la historia de un fracaso, que hay esperanza. Muchas veces no sabemos por d\u00f3nde tirar en la pastoral, c\u00f3mo hacer que nuestras parroquias sean de verdad evangelizadoras&#8230; Despu\u00e9s de Autem uno se ve en la pista de despegue confiado en que el Esp\u00edritu Santo nos va a hacer volar hacia el sue\u00f1o de Dios para nuestra Iglesia del s. XXI.<\/p>\n<p><strong>David Benitez Alonso<\/strong>, p\u00e1rroco de Santa Genoveva Torres Morales: La realizaci\u00f3n del curso propuesto por la fundaci\u00f3n Autem, que nos invit\u00f3 a realizar la vicar\u00eda del clero, ha sido toda una experiencia, no s\u00f3lo de aprendizaje sino de vida y fraternidad sacerdotal entre curas de nuestra di\u00f3cesis y de otras de Espa\u00f1a. Ayudados por el grupo de laicos que colaboran en la fundaci\u00f3n profundamente implicados en el cuidado de la vida de los sacerdotes, hemos trabajado para intentar renovar la vida y el ministerio tan clave en los nuevos tiempos que el Se\u00f1or nos concede vivir. Nuevos m\u00e9todos de evangelizaci\u00f3n en una \u00e9poca nueva para la que los sacerdotes debemos prepararnos. Ha sido toda una experiencia que invitar\u00eda a realizar a cuantos se sientan llamados a esta renovaci\u00f3n tan necesaria del ministerio que compartimos y que, aunque no cambia, s\u00ed se actualiza para el mejor servicio de los hermanos que se nos encomiendan y de la misi\u00f3n<\/p>\n<p><strong>Jose Antonio Cano,<\/strong> consiliario nacional de acci\u00f3n cat\u00f3lica general: En primer lugar quiero dar gracias a Dios por la experiencia de Autem, ciertamente ha sido un momento de gracia. Dar las gracias a Juan Carlos Merino y en \u00e9l a toda la di\u00f3cesis de Madrid por haberme brindado esta oportunidad, sinti\u00e9ndome muy acogido desde el primer momento. Hemos vivido la oportunidad de constatar c\u00f3mo es la realidad evangelizadora de nuestras parroquias, ahondar en nuestro ser llamados, amados y enviados como presb\u00edteros viviendo la fraternidad sacerdotal, en comuni\u00f3n con nuestro pastor y al servicio del Pueblo de Dios. Me han ayudado, especialmente, las herramientas que se nos han ofrecido para llevar a cabo un aut\u00e9ntico proceso de conversi\u00f3n pastoral para la renovaci\u00f3n de nuestras parroquias, renovaci\u00f3n que empieza por el pastor, por la conversi\u00f3n del coraz\u00f3n y la apertura a la novedad el Esp\u00edritu Santo, para posibilitar que \u201cpase\u201d en nuestras parroquias, \u201clo que tiene que pasar\u201d, es decir, el proyecto de Dios. Desde estas l\u00edneas animo a todos los sacerdotes a poder participar en la pr\u00f3xima edici\u00f3n, abriendo el coraz\u00f3n de par en par a las llamadas del Esp\u00edritu para bien del todo el Pueblo de Dios.<\/p>\n<p><strong>Carlos Gimenez<\/strong>, vicario parroquial de Ntra. Sra. de la Soledad y la Transfiguraci\u00f3n del Se\u00f1or: Autem ha sido, posiblemente, la mejor formaci\u00f3n pastoral que ha recibido. No es indispensable para llegar al cielo ni para ser ap\u00f3stol, pero ayuda -y mucho. Personalmente, destacar\u00eda tres aspectos del programa. En primer lugar, es un programa ilusionante porque te conecta con otros sacerdotes desde lo que m\u00e1s nos mueve: el deseo de evangelizar y ayudar a otros a conocer a Jes\u00fas. \u00c9ramos muy distintos, sacerdotes con los que quiz\u00e1 nunca hubiera hecho amistad. Sin embargo, descubrir en ellos el mismo ardor por evangelizar, y compartirlo, genera una comuni\u00f3n profunda y aut\u00e9ntica. En segundo lugar, autem ofrece contenidos te\u00f3ricos y herramientas pr\u00e1cticas para catalizar el cambio. Llevamos tiempo oyendo hablar de nueva evangelizaci\u00f3n, parroquias misioneras o sinodalidad, pero a menudo estos conceptos se quedan vac\u00edos, sin aterrizarlos ni concretarlos en la pr\u00e1ctica. Tras pasar por el programa me llevo una mochila repleta de ideas, recursos, experiencias y ejemplos que permiten vislumbrar un horizonte claro hacia el que caminar. En tercer lugar, el an\u00e1lisis 360 y el acompa\u00f1amiento del coach ha supuesto una experiencia de crecimiento personal muy significativa. No estamos acostumbrados a que nos eval\u00faen desde todos los \u00e1ngulos -superiores, pares, colaboradores-, ni a recibir las cr\u00edticas y actuar en consecuencia. El coaching logra precisamente eso: activar procesos reales de conversi\u00f3n. En resumen, me siento m\u00e1s en camino: hacia la santidad y hacia una vivencia m\u00e1s plena de mi misi\u00f3n sacerdotal. \u00a1Estoy muy agradecido a todo el equipo de Autem!<\/p>\n<p>&nbsp;<\/p>\n<p>&nbsp;<\/p>\n","protected":false},"excerpt":{"rendered":"<p>\u201cLa conversi\u00f3n pastoral implica la conversi\u00f3n del coraz\u00f3n del pastor, volver a la primera llamada, la oraci\u00f3n, la palabra y estar cerca de las ovejas\u201d. (Papa Francisco) Durante este curso 22 sacerdotes han participado del Programa de desarrollo del liderazgo sacerdotal que ha impartido la fundaci\u00f3n AUTEM en nuestra Archidi\u00f3cesis de Madrid. Este programa de [&hellip;]<\/p>\n","protected":false},"author":2,"featured_media":706,"comment_status":"open","ping_status":"closed","sticky":false,"template":"","format":"standard","meta":{"_et_pb_use_builder":"","_et_pb_old_content":"","_et_gb_content_width":"","footnotes":""},"categories":[1],"tags":[],"class_list":["post-670","post","type-post","status-publish","format-standard","has-post-thumbnail","hentry","category-uncategorized"],"_links":{"self":[{"href":"https:\/\/enviosclero.archimadrid.com\/index.php?rest_route=\/wp\/v2\/posts\/670","targetHints":{"allow":["GET"]}}],"collection":[{"href":"https:\/\/enviosclero.archimadrid.com\/index.php?rest_route=\/wp\/v2\/posts"}],"about":[{"href":"https:\/\/enviosclero.archimadrid.com\/index.php?rest_route=\/wp\/v2\/types\/post"}],"author":[{"embeddable":true,"href":"https:\/\/enviosclero.archimadrid.com\/index.php?rest_route=\/wp\/v2\/users\/2"}],"replies":[{"embeddable":true,"href":"https:\/\/enviosclero.archimadrid.com\/index.php?rest_route=%2Fwp%2Fv2%2Fcomments&post=670"}],"version-history":[{"count":9,"href":"https:\/\/enviosclero.archimadrid.com\/index.php?rest_route=\/wp\/v2\/posts\/670\/revisions"}],"predecessor-version":[{"id":728,"href":"https:\/\/enviosclero.archimadrid.com\/index.php?rest_route=\/wp\/v2\/posts\/670\/revisions\/728"}],"wp:featuredmedia":[{"embeddable":true,"href":"https:\/\/enviosclero.archimadrid.com\/index.php?rest_route=\/wp\/v2\/media\/706"}],"wp:attachment":[{"href":"https:\/\/enviosclero.archimadrid.com\/index.php?rest_route=%2Fwp%2Fv2%2Fmedia&parent=670"}],"wp:term":[{"taxonomy":"category","embeddable":true,"href":"https:\/\/enviosclero.archimadrid.com\/index.php?rest_route=%2Fwp%2Fv2%2Fcategories&post=670"},{"taxonomy":"post_tag","embeddable":true,"href":"https:\/\/enviosclero.archimadrid.com\/index.php?rest_route=%2Fwp%2Fv2%2Ftags&post=670"}],"curies":[{"name":"wp","href":"https:\/\/api.w.org\/{rel}","templated":true}]}}