{"id":650,"date":"2025-05-01T11:54:17","date_gmt":"2025-05-01T10:54:17","guid":{"rendered":"https:\/\/enviosclero.archimadrid.com\/?p=650"},"modified":"2025-05-01T12:10:48","modified_gmt":"2025-05-01T11:10:48","slug":"dialogo-teologico-con-el-card-marc-ouellet-uesd-29-de-mayo","status":"publish","type":"post","link":"https:\/\/enviosclero.archimadrid.com\/?p=650","title":{"rendered":"Di\u00e1logo teol\u00f3gico con el Card. Marc Ouellet (UESD, 29 de mayo)"},"content":{"rendered":"<p>La Universidad Eclesi\u00e1stica San D\u00e1maso ha organizado una Jornada de di\u00e1logo teol\u00f3gico con la participaci\u00f3n del Card. Marc Ouellet en torno a dos publicaciones en espa\u00f1ol de mucho inter\u00e9s. Tendr\u00e1 lugar el <strong>jueves 29 de mayo<\/strong>, comenzando a las 9:30 h en el Aula Pablo Dominguez. El horario de la Jornada ser\u00e1 el siguiente:<\/p>\n<p>&nbsp;<\/p>\n<p><img loading=\"lazy\" decoding=\"async\" class=\"aligncenter size-full wp-image-651\" src=\"https:\/\/enviosclero.archimadrid.com\/wp-content\/uploads\/2025\/05\/Ouellet29mayo-e1746097521242.png\" alt=\"\" width=\"641\" height=\"181\" srcset=\"https:\/\/enviosclero.archimadrid.com\/wp-content\/uploads\/2025\/05\/Ouellet29mayo-e1746097521242.png 641w, https:\/\/enviosclero.archimadrid.com\/wp-content\/uploads\/2025\/05\/Ouellet29mayo-e1746097521242-480x181.png 480w\" sizes=\"(min-width: 0px) and (max-width: 480px) 480px, (min-width: 481px) 641px, 100vw\" \/><\/p>\n","protected":false},"excerpt":{"rendered":"<p>La Universidad Eclesi\u00e1stica San D\u00e1maso ha organizado una Jornada de di\u00e1logo teol\u00f3gico con la participaci\u00f3n del Card. Marc Ouellet en torno a dos publicaciones en espa\u00f1ol de mucho inter\u00e9s. Tendr\u00e1 lugar el jueves 29 de mayo, comenzando a las 9:30 h en el Aula Pablo Dominguez. El horario de la Jornada ser\u00e1 el siguiente: &nbsp;<\/p>\n","protected":false},"author":2,"featured_media":659,"comment_status":"open","ping_status":"closed","sticky":false,"template":"","format":"standard","meta":{"_et_pb_use_builder":"","_et_pb_old_content":"","_et_gb_content_width":"","footnotes":""},"categories":[1],"tags":[],"class_list":["post-650","post","type-post","status-publish","format-standard","has-post-thumbnail","hentry","category-uncategorized"],"_links":{"self":[{"href":"https:\/\/enviosclero.archimadrid.com\/index.php?rest_route=\/wp\/v2\/posts\/650","targetHints":{"allow":["GET"]}}],"collection":[{"href":"https:\/\/enviosclero.archimadrid.com\/index.php?rest_route=\/wp\/v2\/posts"}],"about":[{"href":"https:\/\/enviosclero.archimadrid.com\/index.php?rest_route=\/wp\/v2\/types\/post"}],"author":[{"embeddable":true,"href":"https:\/\/enviosclero.archimadrid.com\/index.php?rest_route=\/wp\/v2\/users\/2"}],"replies":[{"embeddable":true,"href":"https:\/\/enviosclero.archimadrid.com\/index.php?rest_route=%2Fwp%2Fv2%2Fcomments&post=650"}],"version-history":[{"count":6,"href":"https:\/\/enviosclero.archimadrid.com\/index.php?rest_route=\/wp\/v2\/posts\/650\/revisions"}],"predecessor-version":[{"id":653,"href":"https:\/\/enviosclero.archimadrid.com\/index.php?rest_route=\/wp\/v2\/posts\/650\/revisions\/653"}],"wp:featuredmedia":[{"embeddable":true,"href":"https:\/\/enviosclero.archimadrid.com\/index.php?rest_route=\/wp\/v2\/media\/659"}],"wp:attachment":[{"href":"https:\/\/enviosclero.archimadrid.com\/index.php?rest_route=%2Fwp%2Fv2%2Fmedia&parent=650"}],"wp:term":[{"taxonomy":"category","embeddable":true,"href":"https:\/\/enviosclero.archimadrid.com\/index.php?rest_route=%2Fwp%2Fv2%2Fcategories&post=650"},{"taxonomy":"post_tag","embeddable":true,"href":"https:\/\/enviosclero.archimadrid.com\/index.php?rest_route=%2Fwp%2Fv2%2Ftags&post=650"}],"curies":[{"name":"wp","href":"https:\/\/api.w.org\/{rel}","templated":true}]}}