{"id":647,"date":"2025-05-01T11:45:40","date_gmt":"2025-05-01T10:45:40","guid":{"rendered":"https:\/\/enviosclero.archimadrid.com\/?p=647"},"modified":"2025-05-31T18:04:17","modified_gmt":"2025-05-31T17:04:17","slug":"encuentro-cardenal-con-sacerdotes-mayores-de-75-anos","status":"publish","type":"post","link":"https:\/\/enviosclero.archimadrid.com\/?p=647","title":{"rendered":"Encuentro Cardenal con sacerdotes mayores de 75 a\u00f1os"},"content":{"rendered":"<p>Continuando la iniciativa emprendida el a\u00f1o pasado, el <strong>jueves 19 de junio<\/strong> tendr\u00e1 lugar un encuentro del Cardenal con los sacerdotes mayores de 75 a\u00f1os. Ser\u00e1 en el Seminario Conciliar y concluir\u00e1 con la comida.<\/p>\n<p>Comenzaremos a las 11 h. Tendremos ocasi\u00f3n de celebrar la Eucarist\u00eda juntos (no os olvid\u00e9is de traer alba y estola), hablar sobre los retos de la Iglesia en estos momentos y los propios de la edad, dialogar con nuestro obispo, animarnos y contarnos c\u00f3mo vivir el ministerio.<\/p>\n<p>Contaremos con la ayuda del equipo de voluntarios para todos aquellos que necesiten ayuda para el desplazamiento desde sus domicilios al Seminario.<\/p>\n<p>Ten\u00e9is varias opciones para apuntaros:<\/p>\n<ul>\n<li>contactando con vuestra Vicar\u00eda territorial<\/li>\n<li>escribiendo un email a vicariaclero@archidiocesis.madrid<\/li>\n<li>rellenado el siguiente formulario:\u00a0<a href=\"https:\/\/forms.office.com\/e\/0YP1h7Pff8\">https:\/\/forms.office.com\/e\/0YP1h7Pff8<\/a><\/li>\n<\/ul>\n","protected":false},"excerpt":{"rendered":"<p>Continuando la iniciativa emprendida el a\u00f1o pasado, el jueves 19 de junio tendr\u00e1 lugar un encuentro del Cardenal con los sacerdotes mayores de 75 a\u00f1os. Ser\u00e1 en el Seminario Conciliar y concluir\u00e1 con la comida. Comenzaremos a las 11 h. Tendremos ocasi\u00f3n de celebrar la Eucarist\u00eda juntos (no os olvid\u00e9is de traer alba y estola), [&hellip;]<\/p>\n","protected":false},"author":2,"featured_media":152,"comment_status":"open","ping_status":"closed","sticky":false,"template":"","format":"standard","meta":{"_et_pb_use_builder":"","_et_pb_old_content":"","_et_gb_content_width":"","footnotes":""},"categories":[1],"tags":[],"class_list":["post-647","post","type-post","status-publish","format-standard","has-post-thumbnail","hentry","category-uncategorized"],"_links":{"self":[{"href":"https:\/\/enviosclero.archimadrid.com\/index.php?rest_route=\/wp\/v2\/posts\/647","targetHints":{"allow":["GET"]}}],"collection":[{"href":"https:\/\/enviosclero.archimadrid.com\/index.php?rest_route=\/wp\/v2\/posts"}],"about":[{"href":"https:\/\/enviosclero.archimadrid.com\/index.php?rest_route=\/wp\/v2\/types\/post"}],"author":[{"embeddable":true,"href":"https:\/\/enviosclero.archimadrid.com\/index.php?rest_route=\/wp\/v2\/users\/2"}],"replies":[{"embeddable":true,"href":"https:\/\/enviosclero.archimadrid.com\/index.php?rest_route=%2Fwp%2Fv2%2Fcomments&post=647"}],"version-history":[{"count":4,"href":"https:\/\/enviosclero.archimadrid.com\/index.php?rest_route=\/wp\/v2\/posts\/647\/revisions"}],"predecessor-version":[{"id":683,"href":"https:\/\/enviosclero.archimadrid.com\/index.php?rest_route=\/wp\/v2\/posts\/647\/revisions\/683"}],"wp:featuredmedia":[{"embeddable":true,"href":"https:\/\/enviosclero.archimadrid.com\/index.php?rest_route=\/wp\/v2\/media\/152"}],"wp:attachment":[{"href":"https:\/\/enviosclero.archimadrid.com\/index.php?rest_route=%2Fwp%2Fv2%2Fmedia&parent=647"}],"wp:term":[{"taxonomy":"category","embeddable":true,"href":"https:\/\/enviosclero.archimadrid.com\/index.php?rest_route=%2Fwp%2Fv2%2Fcategories&post=647"},{"taxonomy":"post_tag","embeddable":true,"href":"https:\/\/enviosclero.archimadrid.com\/index.php?rest_route=%2Fwp%2Fv2%2Ftags&post=647"}],"curies":[{"name":"wp","href":"https:\/\/api.w.org\/{rel}","templated":true}]}}