{"id":642,"date":"2025-05-01T11:27:16","date_gmt":"2025-05-01T10:27:16","guid":{"rendered":"https:\/\/enviosclero.archimadrid.com\/?p=642"},"modified":"2025-05-01T11:29:26","modified_gmt":"2025-05-01T10:29:26","slug":"ordenaciones-sacerdotales","status":"publish","type":"post","link":"https:\/\/enviosclero.archimadrid.com\/?p=642","title":{"rendered":"Ordenaciones sacerdotales"},"content":{"rendered":"<p>El <strong>s\u00e1bado 24 de mayo<\/strong> ser\u00e1n ordenados 11 nuevos presb\u00edteros diocesanos para la Iglesia. Damos gracias a Dios por ellos.<\/p>\n<p>Sus nombres son:<\/p>\n<ul>\n<li>Antonio Gil-Delgado Ruiz de la Prada<\/li>\n<li>\u00a0\u2060Pablo Vidal Gonz\u00e1lez<\/li>\n<li>H\u00e9ctor Gregorio Crespo<\/li>\n<li>Jes\u00fas Rodr\u00edguez Jara<\/li>\n<li>\u2060Carlos Tamames Grech<\/li>\n<li>\u2060Jaime L\u00f3pez-Rioboo Z\u00e1rate<\/li>\n<li>\u2060Juan Ordu\u00f1a M\u00e9ndez<\/li>\n<li>\u2060Roberto Reyes Guzm\u00e1n<\/li>\n<li>\u2060Adri\u00e1n Le\u00f3n Soltero<\/li>\n<li>\u2060\u00c1lvaro P\u00e9rez Turbid\u00ed<\/li>\n<li>Juan Jos\u00e9 Rodr\u00edguez Rojas<\/li>\n<\/ul>\n","protected":false},"excerpt":{"rendered":"<p>El s\u00e1bado 24 de mayo ser\u00e1n ordenados 11 nuevos presb\u00edteros diocesanos para la Iglesia. Damos gracias a Dios por ellos. Sus nombres son: Antonio Gil-Delgado Ruiz de la Prada \u00a0\u2060Pablo Vidal Gonz\u00e1lez H\u00e9ctor Gregorio Crespo Jes\u00fas Rodr\u00edguez Jara \u2060Carlos Tamames Grech \u2060Jaime L\u00f3pez-Rioboo Z\u00e1rate \u2060Juan Ordu\u00f1a M\u00e9ndez \u2060Roberto Reyes Guzm\u00e1n \u2060Adri\u00e1n Le\u00f3n Soltero \u2060\u00c1lvaro P\u00e9rez [&hellip;]<\/p>\n","protected":false},"author":2,"featured_media":643,"comment_status":"open","ping_status":"closed","sticky":false,"template":"","format":"standard","meta":{"_et_pb_use_builder":"","_et_pb_old_content":"","_et_gb_content_width":"","footnotes":""},"categories":[1],"tags":[],"class_list":["post-642","post","type-post","status-publish","format-standard","has-post-thumbnail","hentry","category-uncategorized"],"_links":{"self":[{"href":"https:\/\/enviosclero.archimadrid.com\/index.php?rest_route=\/wp\/v2\/posts\/642","targetHints":{"allow":["GET"]}}],"collection":[{"href":"https:\/\/enviosclero.archimadrid.com\/index.php?rest_route=\/wp\/v2\/posts"}],"about":[{"href":"https:\/\/enviosclero.archimadrid.com\/index.php?rest_route=\/wp\/v2\/types\/post"}],"author":[{"embeddable":true,"href":"https:\/\/enviosclero.archimadrid.com\/index.php?rest_route=\/wp\/v2\/users\/2"}],"replies":[{"embeddable":true,"href":"https:\/\/enviosclero.archimadrid.com\/index.php?rest_route=%2Fwp%2Fv2%2Fcomments&post=642"}],"version-history":[{"count":2,"href":"https:\/\/enviosclero.archimadrid.com\/index.php?rest_route=\/wp\/v2\/posts\/642\/revisions"}],"predecessor-version":[{"id":645,"href":"https:\/\/enviosclero.archimadrid.com\/index.php?rest_route=\/wp\/v2\/posts\/642\/revisions\/645"}],"wp:featuredmedia":[{"embeddable":true,"href":"https:\/\/enviosclero.archimadrid.com\/index.php?rest_route=\/wp\/v2\/media\/643"}],"wp:attachment":[{"href":"https:\/\/enviosclero.archimadrid.com\/index.php?rest_route=%2Fwp%2Fv2%2Fmedia&parent=642"}],"wp:term":[{"taxonomy":"category","embeddable":true,"href":"https:\/\/enviosclero.archimadrid.com\/index.php?rest_route=%2Fwp%2Fv2%2Fcategories&post=642"},{"taxonomy":"post_tag","embeddable":true,"href":"https:\/\/enviosclero.archimadrid.com\/index.php?rest_route=%2Fwp%2Fv2%2Ftags&post=642"}],"curies":[{"name":"wp","href":"https:\/\/api.w.org\/{rel}","templated":true}]}}