{"id":638,"date":"2025-05-01T10:40:11","date_gmt":"2025-05-01T09:40:11","guid":{"rendered":"https:\/\/enviosclero.archimadrid.com\/?p=638"},"modified":"2025-05-01T10:42:27","modified_gmt":"2025-05-01T09:42:27","slug":"nuestro-sacerdocio-un-ministerio-jubilar","status":"publish","type":"post","link":"https:\/\/enviosclero.archimadrid.com\/?p=638","title":{"rendered":"Nuestro sacerdocio, un ministerio jubilar"},"content":{"rendered":"<p><em>\u201cTambi\u00e9n nosotros, sacerdotes, tenemos una historia: al renovar el Jueves Santo las promesas de la Ordenaci\u00f3n, confesamos que s\u00f3lo podemos leer esa historia desde Jes\u00fas de Nazaret. \u00ab\u00c9l nos am\u00f3 y nos purific\u00f3 de nuestros pecados, por medio de su sangre\u00bb (Ap\u00a01,5), \u00c9l abre tambi\u00e9n el libro de nuestra vida y nos ense\u00f1a a encontrar los pasajes que nos revelan su sentido y misi\u00f3n. <strong>Cuando dejamos que sea \u00c9l quien nos instruya, nuestro ministerio se convierte en un ministerio de esperanza, porque en cada una de nuestras historias Dios inaugura un jubileo<\/strong>, es decir, <strong>un tiempo y un oasis de gracia<\/strong>.<\/em><\/p>\n<p><em>Queridos sacerdotes, cada uno de nosotros tiene una Palabra que cumplir. Cada uno de nosotros tiene con la Palabra de Dios una relaci\u00f3n que viene desde lejos. Y la ponemos al servicio de todos s\u00f3lo cuando la Biblia sigue siendo nuestro primer hogar. Dentro de ella, cada uno tiene p\u00e1ginas m\u00e1s queridas. \u00a1Esto es hermoso e importante! Ayudemos tambi\u00e9n a que otros encuentren las p\u00e1ginas de su vida: tal vez a los esposos, cuando eligen las lecturas de su matrimonio; o a quienes est\u00e1n de luto y buscan pasajes para encomendar el difunto a la misericordia de Dios y a la oraci\u00f3n de la comunidad. Hay una p\u00e1gina vocacional, por lo general, al comienzo del camino de cada uno de nosotros. A trav\u00e9s de ella, Dios nos sigue llamando, si la custodiamos, para que no se entibie el amor.<\/em><\/p>\n<p><em>Es el Esp\u00edritu que invocamos sobre nuestro sacerdocio: hemos sido ungidos con \u00c9l, y precisamente el Esp\u00edritu de Jes\u00fas permanece como protagonista silencioso de nuestro servicio.<\/em><\/p>\n<p><em>Generalmente, sin que nos demos cuenta<strong>. Nuestro sacerdocio se convierte en un ministerio jubilar, como el suyo, en una entrega silenciosa, pero radical y gratuita<\/strong>. Es el Reino de Dios, ese que narran las par\u00e1bolas, eficaz y discreto como la levadura, silencioso como la semilla. \u00bfCu\u00e1ntas veces los peque\u00f1os lo han reconocido en nosotros? \u00bfSomos capaces de dar gracias?\u201d<\/em>.<\/p>\n<p style=\"text-align: right;\">(Papa Francisco, misa crismal 2025)<\/p>\n<p>El pr\u00f3ximo <strong>viernes 9 de mayo<\/strong> celebraremos juntos, como presbiterio, el jubileo sacerdotal en estos momentos que vive la Iglesia. El horario de esa jornada ser\u00e1 el siguiente:<\/p>\n<ul>\n<li>10\u201900. \u00a0\u00a0\u00a0\u00a0\u00a0\u00a0\u00a0\u00a0\u00a0\u00a0\u00a0\u00a0\u00a0\u00a0 Oraci\u00f3n penitencial en el Seminario de Madrid.<\/li>\n<li>10\u201930. \u00a0\u00a0\u00a0\u00a0\u00a0\u00a0\u00a0\u00a0\u00a0\u00a0\u00a0\u00a0\u00a0\u00a0 Peregrinaci\u00f3n hacia la Catedral.<\/li>\n<li>11\u201900 \u00a0\u00a0\u00a0\u00a0\u00a0\u00a0\u00a0\u00a0\u00a0\u00a0\u00a0\u00a0\u00a0\u00a0\u00a0 Eucarist\u00eda jubilar en la Catedral.<\/li>\n<li>12\u201930 \u00a0\u00a0\u00a0\u00a0\u00a0\u00a0\u00a0\u00a0\u00a0\u00a0\u00a0\u00a0\u00a0\u00a0\u00a0 Homenaje a los que celebran 25, 50, 60 y 70 a\u00f1os (en el Sal\u00f3n de Actos del Seminario)<\/li>\n<li>14\u201900 \u00a0\u00a0\u00a0\u00a0\u00a0\u00a0\u00a0\u00a0\u00a0\u00a0\u00a0\u00a0\u00a0\u00a0\u00a0 Comida fraterna en el Seminario.<\/li>\n<\/ul>\n<p>Para organizar mejor el acto os invito a que rellen\u00e9is el formulario siguiente antes del jueves 8 de mayo .<\/p>\n<p><a href=\"https:\/\/enviosclero.archimadrid.com\/index.php?page=acymailing_front&amp;ctrl=fronturl&amp;task=click&amp;urlid=129&amp;userid=389&amp;mailid=199&amp;noheader=1\">\ud83d\udc49 https:\/\/forms.office.com\/e\/k3c7GHBkK5 \ud83d\udc48<\/a><\/p>\n","protected":false},"excerpt":{"rendered":"<p>\u201cTambi\u00e9n nosotros, sacerdotes, tenemos una historia: al renovar el Jueves Santo las promesas de la Ordenaci\u00f3n, confesamos que s\u00f3lo podemos leer esa historia desde Jes\u00fas de Nazaret. \u00ab\u00c9l nos am\u00f3 y nos purific\u00f3 de nuestros pecados, por medio de su sangre\u00bb (Ap\u00a01,5), \u00c9l abre tambi\u00e9n el libro de nuestra vida y nos ense\u00f1a a encontrar [&hellip;]<\/p>\n","protected":false},"author":2,"featured_media":0,"comment_status":"open","ping_status":"closed","sticky":false,"template":"","format":"standard","meta":{"_et_pb_use_builder":"","_et_pb_old_content":"","_et_gb_content_width":"","footnotes":""},"categories":[1],"tags":[],"class_list":["post-638","post","type-post","status-publish","format-standard","hentry","category-uncategorized"],"_links":{"self":[{"href":"https:\/\/enviosclero.archimadrid.com\/index.php?rest_route=\/wp\/v2\/posts\/638","targetHints":{"allow":["GET"]}}],"collection":[{"href":"https:\/\/enviosclero.archimadrid.com\/index.php?rest_route=\/wp\/v2\/posts"}],"about":[{"href":"https:\/\/enviosclero.archimadrid.com\/index.php?rest_route=\/wp\/v2\/types\/post"}],"author":[{"embeddable":true,"href":"https:\/\/enviosclero.archimadrid.com\/index.php?rest_route=\/wp\/v2\/users\/2"}],"replies":[{"embeddable":true,"href":"https:\/\/enviosclero.archimadrid.com\/index.php?rest_route=%2Fwp%2Fv2%2Fcomments&post=638"}],"version-history":[{"count":3,"href":"https:\/\/enviosclero.archimadrid.com\/index.php?rest_route=\/wp\/v2\/posts\/638\/revisions"}],"predecessor-version":[{"id":641,"href":"https:\/\/enviosclero.archimadrid.com\/index.php?rest_route=\/wp\/v2\/posts\/638\/revisions\/641"}],"wp:attachment":[{"href":"https:\/\/enviosclero.archimadrid.com\/index.php?rest_route=%2Fwp%2Fv2%2Fmedia&parent=638"}],"wp:term":[{"taxonomy":"category","embeddable":true,"href":"https:\/\/enviosclero.archimadrid.com\/index.php?rest_route=%2Fwp%2Fv2%2Fcategories&post=638"},{"taxonomy":"post_tag","embeddable":true,"href":"https:\/\/enviosclero.archimadrid.com\/index.php?rest_route=%2Fwp%2Fv2%2Ftags&post=638"}],"curies":[{"name":"wp","href":"https:\/\/api.w.org\/{rel}","templated":true}]}}