{"id":605,"date":"2025-03-29T22:08:39","date_gmt":"2025-03-29T21:08:39","guid":{"rendered":"https:\/\/enviosclero.archimadrid.com\/?p=605"},"modified":"2025-05-01T11:36:03","modified_gmt":"2025-05-01T10:36:03","slug":"encuentro-arzobispo-con-sacerdotes-jovenes-ordenados-a-partir-de-2016","status":"publish","type":"post","link":"https:\/\/enviosclero.archimadrid.com\/?p=605","title":{"rendered":"Encuentro Arzobispo con sacerdotes \u00abJ\u00f3venes\u00bb"},"content":{"rendered":"<p>El <strong>mi\u00e9rcoles 28 de mayo<\/strong> tendremos el encuentro de los sacerdotes \u00abJ\u00f3venes\u00bb con nuestro Arzobispo. Ser\u00e1 en la Casa de los Cooperadores de Cristo Rey, de Pozuelo de Alarc\u00f3n. La invitaci\u00f3n va dirigida a todos los ordenados a partir del a\u00f1o 2016. Os pedimos que nos confirm\u00e9is vuestra participaci\u00f3n cuanto antes a trav\u00e9s del siguiente enlace:<\/p>\n<p style=\"text-align: center;\"><a href=\"https:\/\/forms.office.com\/e\/jVbdZ7JVrA\">https:\/\/forms.office.com\/e\/jVbdZ7JVrA<\/a><\/p>\n<p>&nbsp;<\/p>\n","protected":false},"excerpt":{"rendered":"<p>El mi\u00e9rcoles 28 de mayo tendremos el encuentro de los sacerdotes \u00abJ\u00f3venes\u00bb con nuestro Arzobispo. Ser\u00e1 en la Casa de los Cooperadores de Cristo Rey, de Pozuelo de Alarc\u00f3n. La invitaci\u00f3n va dirigida a todos los ordenados a partir del a\u00f1o 2016. Os pedimos que nos confirm\u00e9is vuestra participaci\u00f3n cuanto antes a trav\u00e9s del siguiente [&hellip;]<\/p>\n","protected":false},"author":2,"featured_media":608,"comment_status":"open","ping_status":"closed","sticky":false,"template":"","format":"standard","meta":{"_et_pb_use_builder":"","_et_pb_old_content":"","_et_gb_content_width":"","footnotes":""},"categories":[1],"tags":[],"class_list":["post-605","post","type-post","status-publish","format-standard","has-post-thumbnail","hentry","category-uncategorized"],"_links":{"self":[{"href":"https:\/\/enviosclero.archimadrid.com\/index.php?rest_route=\/wp\/v2\/posts\/605","targetHints":{"allow":["GET"]}}],"collection":[{"href":"https:\/\/enviosclero.archimadrid.com\/index.php?rest_route=\/wp\/v2\/posts"}],"about":[{"href":"https:\/\/enviosclero.archimadrid.com\/index.php?rest_route=\/wp\/v2\/types\/post"}],"author":[{"embeddable":true,"href":"https:\/\/enviosclero.archimadrid.com\/index.php?rest_route=\/wp\/v2\/users\/2"}],"replies":[{"embeddable":true,"href":"https:\/\/enviosclero.archimadrid.com\/index.php?rest_route=%2Fwp%2Fv2%2Fcomments&post=605"}],"version-history":[{"count":7,"href":"https:\/\/enviosclero.archimadrid.com\/index.php?rest_route=\/wp\/v2\/posts\/605\/revisions"}],"predecessor-version":[{"id":646,"href":"https:\/\/enviosclero.archimadrid.com\/index.php?rest_route=\/wp\/v2\/posts\/605\/revisions\/646"}],"wp:featuredmedia":[{"embeddable":true,"href":"https:\/\/enviosclero.archimadrid.com\/index.php?rest_route=\/wp\/v2\/media\/608"}],"wp:attachment":[{"href":"https:\/\/enviosclero.archimadrid.com\/index.php?rest_route=%2Fwp%2Fv2%2Fmedia&parent=605"}],"wp:term":[{"taxonomy":"category","embeddable":true,"href":"https:\/\/enviosclero.archimadrid.com\/index.php?rest_route=%2Fwp%2Fv2%2Fcategories&post=605"},{"taxonomy":"post_tag","embeddable":true,"href":"https:\/\/enviosclero.archimadrid.com\/index.php?rest_route=%2Fwp%2Fv2%2Ftags&post=605"}],"curies":[{"name":"wp","href":"https:\/\/api.w.org\/{rel}","templated":true}]}}