{"id":591,"date":"2025-03-29T20:43:16","date_gmt":"2025-03-29T19:43:16","guid":{"rendered":"https:\/\/enviosclero.archimadrid.com\/?p=591"},"modified":"2025-04-21T19:39:05","modified_gmt":"2025-04-21T18:39:05","slug":"retiro-sacerdotes-edad-intermedia-ordenados-entre-2015-y-1995","status":"publish","type":"post","link":"https:\/\/enviosclero.archimadrid.com\/?p=591","title":{"rendered":"Retiro \u00abEdad Intermedia\u00bb (ordenados entre 1995 y 2015)"},"content":{"rendered":"<h3 style=\"text-align: center;\"><span style=\"color: #993300;\">Este retiro ha sido suspendido, debido a las circunstancias sobrevenidas por el fallecimiento del Papa Francisco que impiden la disponibilidad de D. Jos\u00e9 para esos d\u00edas.<\/span><\/h3>\n<h3 style=\"text-align: center;\"><span style=\"color: #993300;\">En el caso de que m\u00e1s adelante fuera posible, volver\u00edamos a enviar una nueva convocatoria.<\/span><\/h3>\n<p>&nbsp;<\/p>\n<p><span style=\"color: #333300;\">Continuando con la iniciativa emprendida el a\u00f1o pasado,<strong> los d\u00edas 29<\/strong>\u00a0(noche)<strong> y 30 de abril <\/strong>(hasta despu\u00e9s de comer)<strong>,<\/strong> tendremos este espacio de oraci\u00f3n y encuentro dirigido a los sacerdotes que se sit\u00faan en la franja entre los 10 y los 30 a\u00f1os de ministerio.<\/span><\/p>\n<p><span style=\"color: #333300;\">Queremos propiciar momentos que nos ayuden<span style=\"font-size: 14px;\"> en el seguimiento gozoso del Se\u00f1or y en el servicio al pueblo que se nos env\u00eda. Este a\u00f1o jubilar, el retiro estar\u00e1 dirigido por nuestro Arzobispo D. Jos\u00e9 Cobo y tendr\u00e1 lugar en la Casa de las Esclavas de Cristo Rey de la calle Arturo Soria 228.<\/span><\/span><\/p>\n<p><span style=\"color: #333300;\">Comenzaremos a la hora de la cena (21 h) del martes y durar\u00e1 toda la ma\u00f1ana siguiente hasta la comida.\u00a0 El horario del mi\u00e9rcoles ser\u00e1 el siguiente: a las 10 h, meditaci\u00f3n; 12:30 h: di\u00e1logo con D. Jos\u00e9 y a las 14 h, comida y fin del retiro.<\/span><\/p>\n<p><span style=\"color: #333300;\">Como siempre, la Casa de espiritualidad necesita conocer con antelaci\u00f3n los datos de participaci\u00f3n. En consecuencia rogamos que <strong>cuanto antes os inscrib\u00e1is<\/strong> -si no lo hab\u00e9is hecho a\u00fan-\u00a0 a trav\u00e9s del siguiente enlace:<\/span><\/p>\n<p style=\"text-align: center;\"><a href=\"https:\/\/forms.office.com\/e\/x0f7gy7XbG\">https:\/\/forms.office.com\/e\/x0f7gy7XbG<\/a><\/p>\n<p>&nbsp;<\/p>\n<p class=\"elementtoproof\" style=\"background-image: initial; background-position: initial; background-size: initial; background-repeat: initial; background-attachment: initial; background-origin: initial; background-clip: initial; font-family: Helvetica; font-size: 12px; font-weight: normal; line-height: inherit; font-style: normal; color: #000000; text-align: justify; word-break: break-word;\">\n","protected":false},"excerpt":{"rendered":"<p>Este retiro ha sido suspendido, debido a las circunstancias sobrevenidas por el fallecimiento del Papa Francisco que impiden la disponibilidad de D. Jos\u00e9 para esos d\u00edas. En el caso de que m\u00e1s adelante fuera posible, volver\u00edamos a enviar una nueva convocatoria. &nbsp; Continuando con la iniciativa emprendida el a\u00f1o pasado, los d\u00edas 29\u00a0(noche) y 30 [&hellip;]<\/p>\n","protected":false},"author":2,"featured_media":594,"comment_status":"open","ping_status":"closed","sticky":false,"template":"","format":"standard","meta":{"_et_pb_use_builder":"","_et_pb_old_content":"","_et_gb_content_width":"","footnotes":""},"categories":[1],"tags":[],"class_list":["post-591","post","type-post","status-publish","format-standard","has-post-thumbnail","hentry","category-uncategorized"],"_links":{"self":[{"href":"https:\/\/enviosclero.archimadrid.com\/index.php?rest_route=\/wp\/v2\/posts\/591","targetHints":{"allow":["GET"]}}],"collection":[{"href":"https:\/\/enviosclero.archimadrid.com\/index.php?rest_route=\/wp\/v2\/posts"}],"about":[{"href":"https:\/\/enviosclero.archimadrid.com\/index.php?rest_route=\/wp\/v2\/types\/post"}],"author":[{"embeddable":true,"href":"https:\/\/enviosclero.archimadrid.com\/index.php?rest_route=\/wp\/v2\/users\/2"}],"replies":[{"embeddable":true,"href":"https:\/\/enviosclero.archimadrid.com\/index.php?rest_route=%2Fwp%2Fv2%2Fcomments&post=591"}],"version-history":[{"count":12,"href":"https:\/\/enviosclero.archimadrid.com\/index.php?rest_route=\/wp\/v2\/posts\/591\/revisions"}],"predecessor-version":[{"id":635,"href":"https:\/\/enviosclero.archimadrid.com\/index.php?rest_route=\/wp\/v2\/posts\/591\/revisions\/635"}],"wp:featuredmedia":[{"embeddable":true,"href":"https:\/\/enviosclero.archimadrid.com\/index.php?rest_route=\/wp\/v2\/media\/594"}],"wp:attachment":[{"href":"https:\/\/enviosclero.archimadrid.com\/index.php?rest_route=%2Fwp%2Fv2%2Fmedia&parent=591"}],"wp:term":[{"taxonomy":"category","embeddable":true,"href":"https:\/\/enviosclero.archimadrid.com\/index.php?rest_route=%2Fwp%2Fv2%2Fcategories&post=591"},{"taxonomy":"post_tag","embeddable":true,"href":"https:\/\/enviosclero.archimadrid.com\/index.php?rest_route=%2Fwp%2Fv2%2Ftags&post=591"}],"curies":[{"name":"wp","href":"https:\/\/api.w.org\/{rel}","templated":true}]}}