{"id":575,"date":"2025-03-28T11:26:25","date_gmt":"2025-03-28T10:26:25","guid":{"rendered":"https:\/\/enviosclero.archimadrid.com\/?p=575"},"modified":"2025-03-31T16:02:22","modified_gmt":"2025-03-31T15:02:22","slug":"misa-crismal-martes-santo","status":"publish","type":"post","link":"https:\/\/enviosclero.archimadrid.com\/?p=575","title":{"rendered":"Misa Crismal, Martes Santo"},"content":{"rendered":"<p>El <strong>martes santo, d\u00eda 15 de abril, a las 12 h<\/strong>, tendr\u00e1 lugar la celebraci\u00f3n de la Misa Crismal en la Catedral de la Almudena.<\/p>\n<p>En esta solemne celebraci\u00f3n el Sr. Cardenal consagra el Crisma y bendice los Santos \u00d3leos que despu\u00e9s ser\u00e1n utilizados para administrar los diversos sacramentos. El Presbiterio diocesano concelebra y renueva sus promesas sacerdotales.<\/p>\n<p>Como todos los a\u00f1os, acabada la celebraci\u00f3n, tendremos la comida en el Seminario Conciliar. Con el fin de que podamos organizarlo mejor, necesitamos que nos comuniques tu intenci\u00f3n de participar en el siguiente formulario:<\/p>\n<p style=\"text-align: center;\"><a href=\"https:\/\/forms.office.com\/e\/GsejHkuhz0\">https:\/\/forms.office.com\/e\/GsejHkuhz0<\/a><\/p>\n<p>Os recordamos las palabras de nuestro Arzobispo D. Jos\u00e9 Cobo en la homil\u00eda de la Misa Crismal del pasado 2024: \u00ab<em>Queridos hermanos sacerdotes: <\/em><em>Gracias por hacer posible esta celebraci\u00f3n en esta misa crismal a la que, a\u00f1o tras a\u00f1o, nos convoca la Iglesia en estos d\u00edas santos. Y por acudir y poder celebrar juntos el don de pertenecer a este presbiterio diocesano. Hoy tenemos la posibilidad de renovar nuestra vinculaci\u00f3n a Jesucristo que se ofrece al Padre y de volver a injertarnos en esa misteriosa entrega. Con \u00e9l somos llevados a aquel momento primero donde todo comenz\u00f3 y que hoy revitalizamos reuni\u00e9ndonos y haci\u00e9ndolo eucarist\u00eda.<\/em><\/p>\n<p><em>Escuchamos el eco de aquella oraci\u00f3n de la Iglesia sobre nuestras vidas que dec\u00eda: \u00abJesucristo el Se\u00f1or, a quien el Padre ungi\u00f3 con la fuerza del Esp\u00edritu Santo, te auxilie para santificar al pueblo cristiano y para ofrecer a Dios el sacrificio\u00bb&#8230;&#8230; <strong>Gracias, muchas gracias, queridos hermanos sacerdotes<\/strong>\u00a0por vuestra generosa entrega a la tarea pastoral, por vuestra disponibilidad permanente al servicio de la Iglesia diocesana, por vuestra fidelidad en medio de no pocos vientos contrarios. Tambi\u00e9n por vuestro sacrificio y paciencia porque no siembre sabemos acertar. Gracias de coraz\u00f3n por vuestra respuesta siempre ilusionada y en esperanza, por entender que est\u00e1is al servicio de una misi\u00f3n que es mucho m\u00e1s que un trabajo profesional y con horarios de oficina.<\/em><\/p>\n<p><em>Gracias muy especiales a cuantos no renunci\u00e1is a ser constructores de unidad y comuni\u00f3n diocesana en este hermoso presbiterio entregado, discreto y trabajador al que me siento tan unido. Gracias a vuestras comunidades que diocesanamente os sostienen desde la identidad bautismal. Permitidme que mis \u00faltimas palabras sean de oraci\u00f3n tambi\u00e9n por los que han fallecido durante este \u00faltimo a\u00f1o y a los que prolongan la misi\u00f3n de la Iglesia en cualquier parte del mundo. Y un recuerdo emocionado y agradecido a los hermanos sacerdotes que por los achaques propios de su edad o por la enfermedad no pueden acompa\u00f1arnos en esta celebraci\u00f3n. Respondieron en su juventud al don de la unci\u00f3n del Esp\u00edritu y han gastado generosamente todas sus energ\u00edas realizando la profec\u00eda de la misericordia del Ungido del Padre. Vuestro obispo se siente orgulloso de vuestro ministerio y os sigo enviando para esta misi\u00f3n. Seguimos contando con vuestras vidas orantes y ofrecidas en oblaci\u00f3n a la voluntad de Dios, en la tarea de anunciar el evangelio de Jes\u00fas en la Iglesia de Madrid\u00bb<\/em>.<\/p>\n","protected":false},"excerpt":{"rendered":"<p>El martes santo, d\u00eda 15 de abril, a las 12 h, tendr\u00e1 lugar la celebraci\u00f3n de la Misa Crismal en la Catedral de la Almudena. En esta solemne celebraci\u00f3n el Sr. Cardenal consagra el Crisma y bendice los Santos \u00d3leos que despu\u00e9s ser\u00e1n utilizados para administrar los diversos sacramentos. El Presbiterio diocesano concelebra y renueva [&hellip;]<\/p>\n","protected":false},"author":2,"featured_media":0,"comment_status":"open","ping_status":"closed","sticky":false,"template":"","format":"standard","meta":{"_et_pb_use_builder":"","_et_pb_old_content":"","_et_gb_content_width":"","footnotes":""},"categories":[1],"tags":[],"class_list":["post-575","post","type-post","status-publish","format-standard","hentry","category-uncategorized"],"_links":{"self":[{"href":"https:\/\/enviosclero.archimadrid.com\/index.php?rest_route=\/wp\/v2\/posts\/575","targetHints":{"allow":["GET"]}}],"collection":[{"href":"https:\/\/enviosclero.archimadrid.com\/index.php?rest_route=\/wp\/v2\/posts"}],"about":[{"href":"https:\/\/enviosclero.archimadrid.com\/index.php?rest_route=\/wp\/v2\/types\/post"}],"author":[{"embeddable":true,"href":"https:\/\/enviosclero.archimadrid.com\/index.php?rest_route=\/wp\/v2\/users\/2"}],"replies":[{"embeddable":true,"href":"https:\/\/enviosclero.archimadrid.com\/index.php?rest_route=%2Fwp%2Fv2%2Fcomments&post=575"}],"version-history":[{"count":8,"href":"https:\/\/enviosclero.archimadrid.com\/index.php?rest_route=\/wp\/v2\/posts\/575\/revisions"}],"predecessor-version":[{"id":621,"href":"https:\/\/enviosclero.archimadrid.com\/index.php?rest_route=\/wp\/v2\/posts\/575\/revisions\/621"}],"wp:attachment":[{"href":"https:\/\/enviosclero.archimadrid.com\/index.php?rest_route=%2Fwp%2Fv2%2Fmedia&parent=575"}],"wp:term":[{"taxonomy":"category","embeddable":true,"href":"https:\/\/enviosclero.archimadrid.com\/index.php?rest_route=%2Fwp%2Fv2%2Fcategories&post=575"},{"taxonomy":"post_tag","embeddable":true,"href":"https:\/\/enviosclero.archimadrid.com\/index.php?rest_route=%2Fwp%2Fv2%2Ftags&post=575"}],"curies":[{"name":"wp","href":"https:\/\/api.w.org\/{rel}","templated":true}]}}