{"id":555,"date":"2025-03-01T13:50:58","date_gmt":"2025-03-01T12:50:58","guid":{"rendered":"https:\/\/enviosclero.archimadrid.com\/?p=555"},"modified":"2025-03-01T13:53:55","modified_gmt":"2025-03-01T12:53:55","slug":"retiro-sacerdotes-estudiantes-8-de-marzo","status":"publish","type":"post","link":"https:\/\/enviosclero.archimadrid.com\/?p=555","title":{"rendered":"Retiro sacerdotes estudiantes 8 de marzo"},"content":{"rendered":"<p>El <strong>s\u00e1bado 8 de marzo, a las 11 h<\/strong>, el Vicario Episcopal de las Vicar\u00eda 7, D. Jes\u00fas Gonz\u00e1lez Alemany, dirigir\u00e1 el pr\u00f3ximo retiro para sacerdotes acogidos en Madrid por motivo de estudios..<\/p>\n<p><span style=\"color: #800000;\"><strong>En esta ocasi\u00f3n hemos tenido que cambiar de lugar:<\/strong><\/span> ser\u00e1 en el Centro \u00abSanta Mar\u00eda de la Cabeza\u00bb en la calle Ronda de Segovia n\u00ba 1.<\/p>\n<p>Como tenemos que contratar el servicio de catering para la comida, es imprescindible que te inscribas <span style=\"color: #800000;\">antes del d\u00eda 5 de marzo<\/span>, en el siguiente enlace:<\/p>\n<p style=\"text-align: center;\"><span style=\"color: #0000ff;\"><a style=\"color: #0000ff;\" href=\"https:\/\/forms.office.com\/e\/RjNmyqn2p2\">https:\/\/forms.office.com\/e\/RjNmyqn2p2<\/a><\/span><\/p>\n","protected":false},"excerpt":{"rendered":"<p>El s\u00e1bado 8 de marzo, a las 11 h, el Vicario Episcopal de las Vicar\u00eda 7, D. Jes\u00fas Gonz\u00e1lez Alemany, dirigir\u00e1 el pr\u00f3ximo retiro para sacerdotes acogidos en Madrid por motivo de estudios.. En esta ocasi\u00f3n hemos tenido que cambiar de lugar: ser\u00e1 en el Centro \u00abSanta Mar\u00eda de la Cabeza\u00bb en la calle Ronda [&hellip;]<\/p>\n","protected":false},"author":2,"featured_media":333,"comment_status":"open","ping_status":"closed","sticky":false,"template":"","format":"standard","meta":{"_et_pb_use_builder":"","_et_pb_old_content":"","_et_gb_content_width":"","footnotes":""},"categories":[1],"tags":[],"class_list":["post-555","post","type-post","status-publish","format-standard","has-post-thumbnail","hentry","category-uncategorized"],"_links":{"self":[{"href":"https:\/\/enviosclero.archimadrid.com\/index.php?rest_route=\/wp\/v2\/posts\/555","targetHints":{"allow":["GET"]}}],"collection":[{"href":"https:\/\/enviosclero.archimadrid.com\/index.php?rest_route=\/wp\/v2\/posts"}],"about":[{"href":"https:\/\/enviosclero.archimadrid.com\/index.php?rest_route=\/wp\/v2\/types\/post"}],"author":[{"embeddable":true,"href":"https:\/\/enviosclero.archimadrid.com\/index.php?rest_route=\/wp\/v2\/users\/2"}],"replies":[{"embeddable":true,"href":"https:\/\/enviosclero.archimadrid.com\/index.php?rest_route=%2Fwp%2Fv2%2Fcomments&post=555"}],"version-history":[{"count":2,"href":"https:\/\/enviosclero.archimadrid.com\/index.php?rest_route=\/wp\/v2\/posts\/555\/revisions"}],"predecessor-version":[{"id":557,"href":"https:\/\/enviosclero.archimadrid.com\/index.php?rest_route=\/wp\/v2\/posts\/555\/revisions\/557"}],"wp:featuredmedia":[{"embeddable":true,"href":"https:\/\/enviosclero.archimadrid.com\/index.php?rest_route=\/wp\/v2\/media\/333"}],"wp:attachment":[{"href":"https:\/\/enviosclero.archimadrid.com\/index.php?rest_route=%2Fwp%2Fv2%2Fmedia&parent=555"}],"wp:term":[{"taxonomy":"category","embeddable":true,"href":"https:\/\/enviosclero.archimadrid.com\/index.php?rest_route=%2Fwp%2Fv2%2Fcategories&post=555"},{"taxonomy":"post_tag","embeddable":true,"href":"https:\/\/enviosclero.archimadrid.com\/index.php?rest_route=%2Fwp%2Fv2%2Ftags&post=555"}],"curies":[{"name":"wp","href":"https:\/\/api.w.org\/{rel}","templated":true}]}}