{"id":551,"date":"2025-03-01T13:44:32","date_gmt":"2025-03-01T12:44:32","guid":{"rendered":"https:\/\/enviosclero.archimadrid.com\/?p=551"},"modified":"2025-03-30T17:12:38","modified_gmt":"2025-03-30T16:12:38","slug":"551","status":"publish","type":"post","link":"https:\/\/enviosclero.archimadrid.com\/?p=551","title":{"rendered":"Retiro sacerdotes \u00abJ\u00f3venes\u00bb 8-9 de abril"},"content":{"rendered":"<p>Los pr\u00f3ximos <strong>8-9 de abril<\/strong> tendremos el pr\u00f3ximo retiro para sacerdotes ordenados desde 2016.<\/p>\n<p>En esta ocasi\u00f3n, tendr\u00e1 lugar en el Cen\u00e1culo Sacerdotal, de las Siervas Seglares de Jesucristo Sacerdote en la calle San Juan de \u00c1vila 2.<\/p>\n<p>Estar\u00e1 con nosotros, para dar los puntos de la oraci\u00f3n, <strong>Mons. Juan Antonio Mart\u00ednez Camino<\/strong>, Obispo auxiliar de Madrid.<\/p>\n<p>Invitamos a cuidar esos momentos que la Archidi\u00f3cesis nos ofrece para el cuidado de nuestro ministerio.<\/p>\n<p>Os invitamos a inscribiros, <span style=\"color: #800000;\">antes del domingo 7 de abril<\/span>, en el siguiente enlace:<\/p>\n<p style=\"text-align: center;\"><a href=\"https:\/\/forms.office.com\/e\/TAx3RsX9z4\">https:\/\/forms.office.com\/e\/TAx3RsX9z4<\/a><\/p>\n","protected":false},"excerpt":{"rendered":"<p>Los pr\u00f3ximos 8-9 de abril tendremos el pr\u00f3ximo retiro para sacerdotes ordenados desde 2016. En esta ocasi\u00f3n, tendr\u00e1 lugar en el Cen\u00e1culo Sacerdotal, de las Siervas Seglares de Jesucristo Sacerdote en la calle San Juan de \u00c1vila 2. Estar\u00e1 con nosotros, para dar los puntos de la oraci\u00f3n, Mons. Juan Antonio Mart\u00ednez Camino, Obispo auxiliar [&hellip;]<\/p>\n","protected":false},"author":2,"featured_media":553,"comment_status":"open","ping_status":"closed","sticky":false,"template":"","format":"standard","meta":{"_et_pb_use_builder":"","_et_pb_old_content":"","_et_gb_content_width":"","footnotes":""},"categories":[1],"tags":[],"class_list":["post-551","post","type-post","status-publish","format-standard","has-post-thumbnail","hentry","category-uncategorized"],"_links":{"self":[{"href":"https:\/\/enviosclero.archimadrid.com\/index.php?rest_route=\/wp\/v2\/posts\/551","targetHints":{"allow":["GET"]}}],"collection":[{"href":"https:\/\/enviosclero.archimadrid.com\/index.php?rest_route=\/wp\/v2\/posts"}],"about":[{"href":"https:\/\/enviosclero.archimadrid.com\/index.php?rest_route=\/wp\/v2\/types\/post"}],"author":[{"embeddable":true,"href":"https:\/\/enviosclero.archimadrid.com\/index.php?rest_route=\/wp\/v2\/users\/2"}],"replies":[{"embeddable":true,"href":"https:\/\/enviosclero.archimadrid.com\/index.php?rest_route=%2Fwp%2Fv2%2Fcomments&post=551"}],"version-history":[{"count":11,"href":"https:\/\/enviosclero.archimadrid.com\/index.php?rest_route=\/wp\/v2\/posts\/551\/revisions"}],"predecessor-version":[{"id":617,"href":"https:\/\/enviosclero.archimadrid.com\/index.php?rest_route=\/wp\/v2\/posts\/551\/revisions\/617"}],"wp:featuredmedia":[{"embeddable":true,"href":"https:\/\/enviosclero.archimadrid.com\/index.php?rest_route=\/wp\/v2\/media\/553"}],"wp:attachment":[{"href":"https:\/\/enviosclero.archimadrid.com\/index.php?rest_route=%2Fwp%2Fv2%2Fmedia&parent=551"}],"wp:term":[{"taxonomy":"category","embeddable":true,"href":"https:\/\/enviosclero.archimadrid.com\/index.php?rest_route=%2Fwp%2Fv2%2Fcategories&post=551"},{"taxonomy":"post_tag","embeddable":true,"href":"https:\/\/enviosclero.archimadrid.com\/index.php?rest_route=%2Fwp%2Fv2%2Ftags&post=551"}],"curies":[{"name":"wp","href":"https:\/\/api.w.org\/{rel}","templated":true}]}}