{"id":540,"date":"2025-03-01T13:18:19","date_gmt":"2025-03-01T12:18:19","guid":{"rendered":"https:\/\/enviosclero.archimadrid.com\/?p=540"},"modified":"2025-03-01T13:21:35","modified_gmt":"2025-03-01T12:21:35","slug":"jornada-en-uesd-11-de-marzo-la-dignidad-del-fiel-laico","status":"publish","type":"post","link":"https:\/\/enviosclero.archimadrid.com\/?p=540","title":{"rendered":"Jornada en UESD (11 de marzo) \u00abLa dignidad del fiel laico\u00bb"},"content":{"rendered":"<p>En el presente a\u00f1o pastoral 24-25 \u201cBautizados para ser peregrinos de esperanza\u201d, la Universidad Eclesi\u00e1stica San D\u00e1maso propone una jornada interfacultativa de todos sus centros acad\u00e9micos sobre el tema \u201c<span style=\"color: #3366ff;\"><strong>La dignidad del fiel laico\u201d<\/strong><\/span>. Con esta iniciativa, la comunidad universitaria reflexionar\u00e1 conjuntamente sobre uno de los ejes de la propuesta pastoral de este a\u00f1o, colaborando de este modo a la misi\u00f3n de la Iglesia en Madrid durante el a\u00f1o jubilar.<\/p>\n<p>Tendr\u00e1 lugar el martes 11 de marzo en el Sal\u00f3n de Actos del Seminario Conciliar. Comenzar\u00e1 a las 9 h de la ma\u00f1ana y concluir\u00e1 sobre las 13h<\/p>\n<p>Toda la informaci\u00f3n acerca del contenido de la Jornada est\u00e1 disponible en\u00a0<a href=\"https:\/\/www.sandamaso.es\/la-dignidad-del-fiel-laico\/\">https:\/\/www.sandamaso.es\/la-dignidad-del-fiel-laico\/<\/a><\/p>\n","protected":false},"excerpt":{"rendered":"<p>En el presente a\u00f1o pastoral 24-25 \u201cBautizados para ser peregrinos de esperanza\u201d, la Universidad Eclesi\u00e1stica San D\u00e1maso propone una jornada interfacultativa de todos sus centros acad\u00e9micos sobre el tema \u201cLa dignidad del fiel laico\u201d. Con esta iniciativa, la comunidad universitaria reflexionar\u00e1 conjuntamente sobre uno de los ejes de la propuesta pastoral de este a\u00f1o, colaborando [&hellip;]<\/p>\n","protected":false},"author":2,"featured_media":545,"comment_status":"open","ping_status":"closed","sticky":false,"template":"","format":"standard","meta":{"_et_pb_use_builder":"","_et_pb_old_content":"","_et_gb_content_width":"","footnotes":""},"categories":[1],"tags":[],"class_list":["post-540","post","type-post","status-publish","format-standard","has-post-thumbnail","hentry","category-uncategorized"],"_links":{"self":[{"href":"https:\/\/enviosclero.archimadrid.com\/index.php?rest_route=\/wp\/v2\/posts\/540","targetHints":{"allow":["GET"]}}],"collection":[{"href":"https:\/\/enviosclero.archimadrid.com\/index.php?rest_route=\/wp\/v2\/posts"}],"about":[{"href":"https:\/\/enviosclero.archimadrid.com\/index.php?rest_route=\/wp\/v2\/types\/post"}],"author":[{"embeddable":true,"href":"https:\/\/enviosclero.archimadrid.com\/index.php?rest_route=\/wp\/v2\/users\/2"}],"replies":[{"embeddable":true,"href":"https:\/\/enviosclero.archimadrid.com\/index.php?rest_route=%2Fwp%2Fv2%2Fcomments&post=540"}],"version-history":[{"count":3,"href":"https:\/\/enviosclero.archimadrid.com\/index.php?rest_route=\/wp\/v2\/posts\/540\/revisions"}],"predecessor-version":[{"id":544,"href":"https:\/\/enviosclero.archimadrid.com\/index.php?rest_route=\/wp\/v2\/posts\/540\/revisions\/544"}],"wp:featuredmedia":[{"embeddable":true,"href":"https:\/\/enviosclero.archimadrid.com\/index.php?rest_route=\/wp\/v2\/media\/545"}],"wp:attachment":[{"href":"https:\/\/enviosclero.archimadrid.com\/index.php?rest_route=%2Fwp%2Fv2%2Fmedia&parent=540"}],"wp:term":[{"taxonomy":"category","embeddable":true,"href":"https:\/\/enviosclero.archimadrid.com\/index.php?rest_route=%2Fwp%2Fv2%2Fcategories&post=540"},{"taxonomy":"post_tag","embeddable":true,"href":"https:\/\/enviosclero.archimadrid.com\/index.php?rest_route=%2Fwp%2Fv2%2Ftags&post=540"}],"curies":[{"name":"wp","href":"https:\/\/api.w.org\/{rel}","templated":true}]}}