{"id":54,"date":"2024-04-02T09:09:01","date_gmt":"2024-04-02T09:09:01","guid":{"rendered":"https:\/\/enviosclero.archimadrid.com\/?p=54"},"modified":"2024-04-02T12:00:48","modified_gmt":"2024-04-02T12:00:48","slug":"carta-cardenal","status":"publish","type":"post","link":"https:\/\/enviosclero.archimadrid.com\/?p=54","title":{"rendered":"Carta del Cardenal"},"content":{"rendered":"<p><span style=\"color: #800000;\"><strong>Carta del Cardenal Cobo a los sacerdotes en la Misa Crismal<\/strong><\/span><\/p>\n<p>Queridos hermanos sacerdotes:<\/p>\n<p>Gracias por hacer posible esta celebraci\u00f3n en esta misa crismal a la que, a\u00f1o tras a\u00f1o, nos convoca la Iglesia en estos d\u00edas santos. Y por acudir y poder celebrar juntos el don de pertenecer a este presbiterio diocesano. Hoy tenemos la posibilidad de renovar nuestra vinculaci\u00f3n a Jesucristo que se ofrece al Padre y de volver a injertarnos en esa misteriosa entrega. Con \u00e9l somos llevados a aquel momento primero donde todo comenz\u00f3 y que hoy revitalizamos reuni\u00e9ndonos y haci\u00e9ndolo eucarist\u00eda.<\/p>\n<p>Escuchamos el eco de aquella oraci\u00f3n de la Iglesia sobre nuestras vidas que dec\u00eda: \u00abJesucristo el Se\u00f1or, a quien el Padre ungi\u00f3 con la fuerza del Esp\u00edritu Santo, te auxilie para santificar al pueblo cristiano y para ofrecer a Dios el sacrificio\u00bb.<\/p>\n<p><strong>1. La palabra de Dios nos ayuda a agradecer y renovar<\/strong>\u00a0al mismo tiempo este ministerio que nos hace ser lo que somos: \u00abReaviva el don de Dios que te fue concedido por la imposici\u00f3n de mis manos\u00bb, recomienda Pablo a Timoteo. En Cristo, el ungido de Dios, como dice el texto que hemos escuchado, somos ungidos para anunciar la salvaci\u00f3n y el a\u00f1o de gracia y perd\u00f3n del Se\u00f1or, para que el Evangelio siga siendo anunciado y resuene en nuestro mundo como en aquella sinagoga.<\/p>\n<p>Tenemos la gracia de poder renovar ahora esa unci\u00f3n honda con la que fuimos introducidos en el sacerdocio de\u00a0<strong>Cristo para servir con nuestra vida al pueblo santo de Dios<\/strong>. Para acompa\u00f1ar con caridad pastoral a este pueblo repleto de rostros concretos y singulares y conducirlo a Jes\u00fas, nuestro \u00fanico buen Pastor, que entrega la vida por sus ovejas.<\/p>\n<p>Somos parte de este Pueblo por el bautismo y caminamos gozosos con \u00e9l; por eso nos acompa\u00f1a en esta liturgia, y se hace presente y vivo en nuestras parroquias y comunidades, en cada sacramento celebrado, y en cada paso de nuestra vida ministerial\u2026 Es tambi\u00e9n este bendito Pueblo de Dios quien nos moldea, nos ense\u00f1a y nos hace ser mejores curas. Un pueblo que tiene derecho a no ser dividido y que a veces tambi\u00e9n nos sufre con paciencia y experimenta en silencio y con dolor nuestras fragilidades, divisiones, protagonismos o, como dice el Papa, \u00abautorreferencialidades\u00bb.<\/p>\n<p>Es un Pueblo que, desde cada rinc\u00f3n de nuestra di\u00f3cesis, sabe reconocer con profundo agradecimiento y cari\u00f1o vuestra entrega. De \u00e9l \u2014no lo olvidemos\u2014 recibimos el arrope de su oraci\u00f3n y el regalo de su amistad y de su entrega generosa.<\/p>\n<p>Pero la humildad de saber que el Esp\u00edritu es quien conduce, tambi\u00e9n nos hace ver hoy de forma nueva que\u00a0<strong>no fuimos constituidos presb\u00edteros de modo individual y aislado<\/strong>, sino como miembros de un presbiterio de comuni\u00f3n y servicio. Un presbiterio que hoy visibilizamos y donde queremos expresar sacramentalmente la comuni\u00f3n que vivimos A el estamos vinculados y \u00e9l nos alimenta.<\/p>\n<p>Para hacer realidad lo que proclamamos, el Papa Francisco nos insiste en sostener \u00abcuatro cercan\u00edas\u00bb que cultivan las verdaderas \u00abpertenencias\u00bb que identifican y animan al ministerio ordenado: la cercan\u00eda a Dios, la uni\u00f3n con el obispo, la proximidad fraternal al presbiterio diocesano, y la cercan\u00eda y el amor al pueblo al que servimos. Cuatro cercan\u00edas que actualizan el ministerio en el d\u00eda a d\u00eda y que se verifican seg\u00fan las decisiones concretas que vamos tomando.<\/p>\n<p><strong>2. \u00abTodos en la Sinagoga ten\u00edan fijos los ojos en \u00c9l\u00bb<\/strong>. Queridos sacerdotes de Madrid: \u00bfTenemos nuestra mirada fija en el rostro del Ungido del Padre, en Jesucristo su predilecto? \u00c9l es el origen, el centro y el sentido de nuestro sacerdocio, que participa de ese \u00f3leo de alegr\u00eda con que fue ungido el Hijo predilecto.<\/p>\n<p>Esta ma\u00f1ana os pido dar un paso nuevo. Vamos a reavivar \u2014desde el coraz\u00f3n\u2014 la memoria de nuestra unci\u00f3n en medio de esta asamblea; vamos a renovar nuestra vocaci\u00f3n e identidad sacerdotal, que no puede ser otra que la identificaci\u00f3n con Cristo sacerdote para sabernos enviados por El. Y aunque podamos estar tentados, nunca supliremos su presencia, ni nos pondremos como protagonistas delante de \u00c9l.<\/p>\n<p>Somos enviados comunitariamente como presbiterio a sanar, consolar y liberar; para conformar comunidades vivas y esperanzadas, levadura de convivencia, alrededor del sacramento de la Eucarist\u00eda hecho vida. Disponibles, siempre disponibles con nuestra vida y ministerio, consagrados a la misi\u00f3n \u00fanica del Pueblo de Dios; con el santo y se\u00f1a de la caridad pastoral \u00abque se vive en un clima de constante disponibilidad a dejarse absorber y casi devorar, por las necesidades y exigencias de la grey\u00bb (PDV 28).<\/p>\n<p>3. Permitidme que concrete esta renovaci\u00f3n y este \u00abhoy\u00bb en tres peticiones, por tanto, que pueden marcar nuestras l\u00edneas de actuaci\u00f3n como presbiterio, en esta etapa y en el curso pr\u00f3ximo. Con humildad os invito a sumaros en torno a tres palabras:\u00a0<strong>Bautismo, arciprestazgo y diocesaneidad<\/strong>.<\/p>\n<p><strong>Bautismo:<\/strong>\u00a0Desde nuestro acompa\u00f1amiento al pueblo de Dios,\u00a0<strong>os invito a ahondar con nuestra gente en el sentido de la identidad bautismal<\/strong>. El discernimiento al que nos convoca el Se\u00f1or en el momento presente ha de ser eminentemente espiritual para que pueda ser profundamente pastoral. Sabemos que es el Esp\u00edritu quien conduce y vivifica la acci\u00f3n de la Iglesia (cf. EN 75), y que somos testigos de su acci\u00f3n. Por esto os \u00e1nimo, antes que otra cosa, a ayudar a descubrir y profundizar en la fuente del bautismo seg\u00fan el rasgo que deja en cada cristiano. Acompa\u00f1ar la identidad bautismal, la vocaci\u00f3n, tanto personalmente como comunitariamente, tanto en el acompa\u00f1amiento personal como en la formaci\u00f3n y la celebraci\u00f3n.<\/p>\n<p><strong>Arciprestazgo:<\/strong>\u00a0Desde la experiencia de pertenencia al presbiterio diocesano os animo a\u00a0<strong>seguir construyendo espacios de vida sacerdotal en nuestros arciprestazgos<\/strong>. Valoramos la oportunidad de poder encontrarnos y como sacerdotes construir entre todos cada arciprestazgo. Cuidadlo activamente y hacerle crecer en espiritualidad y como hogar de vida sacerdotal en cada territorio.<\/p>\n<p><strong>Diocesaneidad:<\/strong>\u00a0Nuestro ministerio siempre es coral y sinodal. Como servidores del pueblo de Dios, plural, rico y siempre en crecimiento, os animo a que\u00a0<strong>ayud\u00e9is a seguir creciendo y desarrollando la conciencia de pertenencia a la di\u00f3cesis de Madrid<\/strong>. En medio de las particularidades podremos potenciar el ser instrumentos activos para que las acciones, las espiritualidades y las propuestas imbriquen , m\u00e1s a\u00fan, la conciencia de pertenencia y de participaci\u00f3n sinodal en la comunidad diocesana. Y, al tiempo, que esta diocesaneidad enriquezca y se haga presente en lo que se vive particularmente.<\/p>\n<p>Jes\u00fas afirma que \u00abhoy se ha cumplido esta Escritura que acab\u00e1is de o\u00edr\u00bb. Ese \u00abhoy\u00bb formulado en la sinagoga de Nazaret se actualiza por la fuerza del Esp\u00edritu del Resucitado y se torna en \u00abhoy, ahora y aqu\u00ed\u00bb en la Iglesia de Madrid, en esta ma\u00f1ana de gracia en la vida de la eucarist\u00eda que nos moldea.<\/p>\n<p><strong>Gracias, muchas gracias, queridos hermanos sacerdotes<\/strong>\u00a0por vuestra generosa entrega a la tarea pastoral, por vuestra disponibilidad permanente al servicio de la Iglesia diocesana, por vuestra fidelidad en medio de no pocos vientos contrarios. Tambi\u00e9n por vuestro sacrificio y paciencia porque no siembre sabemos acertar. Gracias de coraz\u00f3n por vuestra respuesta siempre ilusionada y en esperanza, por entender que est\u00e1is al servicio de una misi\u00f3n que es mucho m\u00e1s que un trabajo profesional y con horarios de oficina.<\/p>\n<p>Gracias muy especiales a cuantos no renunci\u00e1is a ser constructores de unidad y comuni\u00f3n diocesana en este hermoso presbiterio entregado, discreto y trabajador al que me siento tan unido. Gracias a vuestras comunidades que diocesanamente os sostienen desde la identidad bautismal. Permitidme que mis \u00faltimas palabras sean de oraci\u00f3n tambi\u00e9n por los que han fallecido durante este \u00faltimo a\u00f1o y a los que prolongan la misi\u00f3n de la Iglesia en cualquier parte del mundo. Y un recuerdo emocionado y agradecido a los hermanos sacerdotes que por los achaques propios de su edad o por la enfermedad no pueden acompa\u00f1arnos en esta celebraci\u00f3n. Respondieron en su juventud al don de la unci\u00f3n del Esp\u00edritu y han gastado generosamente todas sus energ\u00edas realizando la profec\u00eda de la misericordia del Ungido del Padre. Vuestro obispo se siente orgulloso de vuestro ministerio y os sigo enviando para esta misi\u00f3n. Seguimos contando con vuestras vidas orantes y ofrecidas en oblaci\u00f3n a la voluntad de Dios, en la tarea de anunciar el evangelio de Jes\u00fas en la Iglesia de Madrid<\/p>\n<p>Hermanos, amigos: Hoy se cumple esta Escritura que acab\u00e1is de o\u00edr.<\/p>\n","protected":false},"excerpt":{"rendered":"<p>Carta del Cardenal Cobo a los sacerdotes en la Misa Crismal Queridos hermanos sacerdotes: Gracias por hacer posible esta celebraci\u00f3n en esta misa crismal a la que, a\u00f1o tras a\u00f1o, nos convoca la Iglesia en estos d\u00edas santos. Y por acudir y poder celebrar juntos el don de pertenecer a este presbiterio diocesano. Hoy tenemos [&hellip;]<\/p>\n","protected":false},"author":1,"featured_media":0,"comment_status":"open","ping_status":"closed","sticky":false,"template":"","format":"standard","meta":{"_et_pb_use_builder":"","_et_pb_old_content":"","_et_gb_content_width":"","footnotes":""},"categories":[3],"tags":[],"class_list":["post-54","post","type-post","status-publish","format-standard","hentry","category-newsleter-clero"],"_links":{"self":[{"href":"https:\/\/enviosclero.archimadrid.com\/index.php?rest_route=\/wp\/v2\/posts\/54","targetHints":{"allow":["GET"]}}],"collection":[{"href":"https:\/\/enviosclero.archimadrid.com\/index.php?rest_route=\/wp\/v2\/posts"}],"about":[{"href":"https:\/\/enviosclero.archimadrid.com\/index.php?rest_route=\/wp\/v2\/types\/post"}],"author":[{"embeddable":true,"href":"https:\/\/enviosclero.archimadrid.com\/index.php?rest_route=\/wp\/v2\/users\/1"}],"replies":[{"embeddable":true,"href":"https:\/\/enviosclero.archimadrid.com\/index.php?rest_route=%2Fwp%2Fv2%2Fcomments&post=54"}],"version-history":[{"count":5,"href":"https:\/\/enviosclero.archimadrid.com\/index.php?rest_route=\/wp\/v2\/posts\/54\/revisions"}],"predecessor-version":[{"id":122,"href":"https:\/\/enviosclero.archimadrid.com\/index.php?rest_route=\/wp\/v2\/posts\/54\/revisions\/122"}],"wp:attachment":[{"href":"https:\/\/enviosclero.archimadrid.com\/index.php?rest_route=%2Fwp%2Fv2%2Fmedia&parent=54"}],"wp:term":[{"taxonomy":"category","embeddable":true,"href":"https:\/\/enviosclero.archimadrid.com\/index.php?rest_route=%2Fwp%2Fv2%2Fcategories&post=54"},{"taxonomy":"post_tag","embeddable":true,"href":"https:\/\/enviosclero.archimadrid.com\/index.php?rest_route=%2Fwp%2Fv2%2Ftags&post=54"}],"curies":[{"name":"wp","href":"https:\/\/api.w.org\/{rel}","templated":true}]}}