{"id":501,"date":"2025-01-30T11:48:34","date_gmt":"2025-01-30T10:48:34","guid":{"rendered":"https:\/\/enviosclero.archimadrid.com\/?p=501"},"modified":"2025-01-30T13:55:46","modified_gmt":"2025-01-30T12:55:46","slug":"retiro-sacerdotes-jovenes-en-febrero","status":"publish","type":"post","link":"https:\/\/enviosclero.archimadrid.com\/?p=501","title":{"rendered":"Retiro sacerdotes jovenes en febrero"},"content":{"rendered":"<p>Los pr\u00f3ximos <strong>11-12 de febrero<\/strong> tendremos el pr\u00f3ximo retiro para sacerdotes ordenados desde 2015.<\/p>\n<p>Como en las \u00faltimas ocasiones tendr\u00e1 lugar en la Casa de las Esclavas de Cristo Rey, c\/ Arturo Soria, 228.<\/p>\n<p>En esta ocasi\u00f3n ser\u00e1 dirigido por <strong>Mons. Vicente Martin Mu\u00f1oz<\/strong>, Obispo auxiliar de Madrid.<\/p>\n<p>Invitamos a cuidar esos momentos que la Archidi\u00f3cesis nos ofrece para el cuidado de nuestro ministerio.<\/p>\n<p>Os invitamos a inscribiros, <span style=\"color: #800000;\">antes del domingo 9 de febrero<\/span>, en el siguiente enlace:<\/p>\n<p style=\"text-align: center;\"><a href=\"https:\/\/enviosclero.archimadrid.com\/index.php?page=acymailing_front&amp;ctrl=fronturl&amp;task=click&amp;urlid=89&amp;userid=1&amp;mailid=174&amp;noheader=1\">https:\/\/forms.office.com\/e\/7wsA7fRZL1<\/a><\/p>\n<p>&nbsp;<\/p>\n","protected":false},"excerpt":{"rendered":"<p>Los pr\u00f3ximos 11-12 de febrero tendremos el pr\u00f3ximo retiro para sacerdotes ordenados desde 2015. Como en las \u00faltimas ocasiones tendr\u00e1 lugar en la Casa de las Esclavas de Cristo Rey, c\/ Arturo Soria, 228. En esta ocasi\u00f3n ser\u00e1 dirigido por Mons. Vicente Martin Mu\u00f1oz, Obispo auxiliar de Madrid. Invitamos a cuidar esos momentos que la [&hellip;]<\/p>\n","protected":false},"author":2,"featured_media":524,"comment_status":"open","ping_status":"closed","sticky":false,"template":"","format":"standard","meta":{"_et_pb_use_builder":"","_et_pb_old_content":"","_et_gb_content_width":"","footnotes":""},"categories":[1],"tags":[],"class_list":["post-501","post","type-post","status-publish","format-standard","has-post-thumbnail","hentry","category-uncategorized"],"_links":{"self":[{"href":"https:\/\/enviosclero.archimadrid.com\/index.php?rest_route=\/wp\/v2\/posts\/501","targetHints":{"allow":["GET"]}}],"collection":[{"href":"https:\/\/enviosclero.archimadrid.com\/index.php?rest_route=\/wp\/v2\/posts"}],"about":[{"href":"https:\/\/enviosclero.archimadrid.com\/index.php?rest_route=\/wp\/v2\/types\/post"}],"author":[{"embeddable":true,"href":"https:\/\/enviosclero.archimadrid.com\/index.php?rest_route=\/wp\/v2\/users\/2"}],"replies":[{"embeddable":true,"href":"https:\/\/enviosclero.archimadrid.com\/index.php?rest_route=%2Fwp%2Fv2%2Fcomments&post=501"}],"version-history":[{"count":5,"href":"https:\/\/enviosclero.archimadrid.com\/index.php?rest_route=\/wp\/v2\/posts\/501\/revisions"}],"predecessor-version":[{"id":526,"href":"https:\/\/enviosclero.archimadrid.com\/index.php?rest_route=\/wp\/v2\/posts\/501\/revisions\/526"}],"wp:featuredmedia":[{"embeddable":true,"href":"https:\/\/enviosclero.archimadrid.com\/index.php?rest_route=\/wp\/v2\/media\/524"}],"wp:attachment":[{"href":"https:\/\/enviosclero.archimadrid.com\/index.php?rest_route=%2Fwp%2Fv2%2Fmedia&parent=501"}],"wp:term":[{"taxonomy":"category","embeddable":true,"href":"https:\/\/enviosclero.archimadrid.com\/index.php?rest_route=%2Fwp%2Fv2%2Fcategories&post=501"},{"taxonomy":"post_tag","embeddable":true,"href":"https:\/\/enviosclero.archimadrid.com\/index.php?rest_route=%2Fwp%2Fv2%2Ftags&post=501"}],"curies":[{"name":"wp","href":"https:\/\/api.w.org\/{rel}","templated":true}]}}