{"id":498,"date":"2025-01-30T11:48:48","date_gmt":"2025-01-30T10:48:48","guid":{"rendered":"https:\/\/enviosclero.archimadrid.com\/?p=498"},"modified":"2025-01-30T13:38:04","modified_gmt":"2025-01-30T12:38:04","slug":"retiro-sacerdotes-estudiantes-en-febrero","status":"publish","type":"post","link":"https:\/\/enviosclero.archimadrid.com\/?p=498","title":{"rendered":"Retiro sacerdotes estudiantes en febrero"},"content":{"rendered":"<p>El <strong>s\u00e1bado 8 de febrero, a las 11 h<\/strong>, el Vicario Episcopal de las Vicar\u00eda 4 y 5, D. Oscar Garc\u00eda Aguado, dirigir\u00e1 el pr\u00f3ximo retiro para sacerdotes acogidos en Madrid por motivo de estudios..<\/p>\n<p>Como en las \u00faltimas ocasiones, tendr\u00e1 lugar en el Seminario Conciliar de Madrid<\/p>\n<p>Para participar es necesario inscribirse previamente, <span style=\"color: #800000;\">antes del d\u00eda 6 de febrero<\/span>, en el siguiente enlace:<\/p>\n<p style=\"text-align: center;\"><a href=\"https:\/\/forms.office.com\/e\/gs3yM98P8J\">https:\/\/forms.office.com\/e\/gs3yM98P8J<\/a><\/p>\n","protected":false},"excerpt":{"rendered":"<p>El s\u00e1bado 8 de febrero, a las 11 h, el Vicario Episcopal de las Vicar\u00eda 4 y 5, D. Oscar Garc\u00eda Aguado, dirigir\u00e1 el pr\u00f3ximo retiro para sacerdotes acogidos en Madrid por motivo de estudios.. Como en las \u00faltimas ocasiones, tendr\u00e1 lugar en el Seminario Conciliar de Madrid Para participar es necesario inscribirse previamente, antes [&hellip;]<\/p>\n","protected":false},"author":2,"featured_media":333,"comment_status":"open","ping_status":"closed","sticky":false,"template":"","format":"standard","meta":{"_et_pb_use_builder":"","_et_pb_old_content":"","_et_gb_content_width":"","footnotes":""},"categories":[1],"tags":[],"class_list":["post-498","post","type-post","status-publish","format-standard","has-post-thumbnail","hentry","category-uncategorized"],"_links":{"self":[{"href":"https:\/\/enviosclero.archimadrid.com\/index.php?rest_route=\/wp\/v2\/posts\/498","targetHints":{"allow":["GET"]}}],"collection":[{"href":"https:\/\/enviosclero.archimadrid.com\/index.php?rest_route=\/wp\/v2\/posts"}],"about":[{"href":"https:\/\/enviosclero.archimadrid.com\/index.php?rest_route=\/wp\/v2\/types\/post"}],"author":[{"embeddable":true,"href":"https:\/\/enviosclero.archimadrid.com\/index.php?rest_route=\/wp\/v2\/users\/2"}],"replies":[{"embeddable":true,"href":"https:\/\/enviosclero.archimadrid.com\/index.php?rest_route=%2Fwp%2Fv2%2Fcomments&post=498"}],"version-history":[{"count":2,"href":"https:\/\/enviosclero.archimadrid.com\/index.php?rest_route=\/wp\/v2\/posts\/498\/revisions"}],"predecessor-version":[{"id":500,"href":"https:\/\/enviosclero.archimadrid.com\/index.php?rest_route=\/wp\/v2\/posts\/498\/revisions\/500"}],"wp:featuredmedia":[{"embeddable":true,"href":"https:\/\/enviosclero.archimadrid.com\/index.php?rest_route=\/wp\/v2\/media\/333"}],"wp:attachment":[{"href":"https:\/\/enviosclero.archimadrid.com\/index.php?rest_route=%2Fwp%2Fv2%2Fmedia&parent=498"}],"wp:term":[{"taxonomy":"category","embeddable":true,"href":"https:\/\/enviosclero.archimadrid.com\/index.php?rest_route=%2Fwp%2Fv2%2Fcategories&post=498"},{"taxonomy":"post_tag","embeddable":true,"href":"https:\/\/enviosclero.archimadrid.com\/index.php?rest_route=%2Fwp%2Fv2%2Ftags&post=498"}],"curies":[{"name":"wp","href":"https:\/\/api.w.org\/{rel}","templated":true}]}}