{"id":491,"date":"2025-01-30T11:50:01","date_gmt":"2025-01-30T10:50:01","guid":{"rendered":"https:\/\/enviosclero.archimadrid.com\/?p=491"},"modified":"2025-01-30T13:38:50","modified_gmt":"2025-01-30T12:38:50","slug":"congreso-de-vocaciones","status":"publish","type":"post","link":"https:\/\/enviosclero.archimadrid.com\/?p=491","title":{"rendered":"Congreso de Vocaciones. \u00bfPara qui\u00e9n soy?"},"content":{"rendered":"<p><span style=\"color: #333399;\">Asamblea de llamados para la misi\u00f3n Madrid, Pabell\u00f3n Madrid-Arena <strong>7-9 de febrero 2025<\/strong><\/span><\/p>\n<p>\u00bfPara qui\u00e9n soy? Esta pregunta la realiza el Papa en Christut vivit (286) para unir dos inquietudes del coraz\u00f3n humano, la identidad y el sentido de la vida.<\/p>\n<p>\u201cSoy una misi\u00f3n en esta tierra.\u201d (EG 273) es la s\u00edntesis que las re\u00fane. La pregunta sit\u00faa la b\u00fasqueda de respuesta en el \u00e1mbito del discernimiento que se realiza en la Iglesia, asamblea de llamados<\/p>\n<p>El gran objetivo de este Congreso es celebrar una gran fiesta de la Iglesia que la muestre como \u201casamblea de llamados\u201d, pues eso quiere decir la palabra Iglesia -Ecclesia-, asamblea de los llamados.<\/p>\n<p>Un encuentro eclesial que, con su preparaci\u00f3n y acogida posterior, ayude caer en la cuenta de que el Se\u00f1or no deja de llamar y, por consiguiente, la vida cristiana es vocaci\u00f3n, m\u00e1s a\u00fan, la vida es vocaci\u00f3n.<\/p>\n<p>El segundo gran objetivo del Congreso es impulsar y consolidar en cada una de nuestras di\u00f3cesis un servicio que anime la vida vivida como vocaci\u00f3n. Como se nos ha invitado con tanta fuerza en la primera sesi\u00f3n de la asamblea sinodal, queremos dar pie a un ejercicio de colaboraci\u00f3n, un proyecto compartido. No podemos hablar de vocaci\u00f3n sin vocaciones y no tienen sentido las vocaciones sin vocaci\u00f3n.<\/p>\n<p style=\"text-align: left;\">Pod\u00e9is descargar el documento de trabajo en el siguente enlace:<\/p>\n<p style=\"text-align: center;\"><a href=\"https:\/\/paraquiensoy.com\/wp-content\/uploads\/2024\/05\/Documento-de-trabajo-hacia-el-congreso-sobre-vocaciones.pdf\">https:\/\/paraquiensoy.com\/wp-content\/uploads\/2024\/05\/Documento-de-trabajo-hacia-el-congreso-sobre-vocaciones.pdf<\/a><\/p>\n<p>La p\u00e1gina web del congreso es la siguiente: <a href=\"https:\/\/paraquiensoy.com\/\">Servicio de Pastoral Vocacional | \u00bfPara qui\u00e9n soy yo?<\/a><\/p>\n","protected":false},"excerpt":{"rendered":"<p>Asamblea de llamados para la misi\u00f3n Madrid, Pabell\u00f3n Madrid-Arena 7-9 de febrero 2025 \u00bfPara qui\u00e9n soy? Esta pregunta la realiza el Papa en Christut vivit (286) para unir dos inquietudes del coraz\u00f3n humano, la identidad y el sentido de la vida. \u201cSoy una misi\u00f3n en esta tierra.\u201d (EG 273) es la s\u00edntesis que las re\u00fane. [&hellip;]<\/p>\n","protected":false},"author":2,"featured_media":0,"comment_status":"open","ping_status":"closed","sticky":false,"template":"","format":"standard","meta":{"_et_pb_use_builder":"","_et_pb_old_content":"","_et_gb_content_width":"","footnotes":""},"categories":[1],"tags":[],"class_list":["post-491","post","type-post","status-publish","format-standard","hentry","category-uncategorized"],"_links":{"self":[{"href":"https:\/\/enviosclero.archimadrid.com\/index.php?rest_route=\/wp\/v2\/posts\/491","targetHints":{"allow":["GET"]}}],"collection":[{"href":"https:\/\/enviosclero.archimadrid.com\/index.php?rest_route=\/wp\/v2\/posts"}],"about":[{"href":"https:\/\/enviosclero.archimadrid.com\/index.php?rest_route=\/wp\/v2\/types\/post"}],"author":[{"embeddable":true,"href":"https:\/\/enviosclero.archimadrid.com\/index.php?rest_route=\/wp\/v2\/users\/2"}],"replies":[{"embeddable":true,"href":"https:\/\/enviosclero.archimadrid.com\/index.php?rest_route=%2Fwp%2Fv2%2Fcomments&post=491"}],"version-history":[{"count":15,"href":"https:\/\/enviosclero.archimadrid.com\/index.php?rest_route=\/wp\/v2\/posts\/491\/revisions"}],"predecessor-version":[{"id":523,"href":"https:\/\/enviosclero.archimadrid.com\/index.php?rest_route=\/wp\/v2\/posts\/491\/revisions\/523"}],"wp:attachment":[{"href":"https:\/\/enviosclero.archimadrid.com\/index.php?rest_route=%2Fwp%2Fv2%2Fmedia&parent=491"}],"wp:term":[{"taxonomy":"category","embeddable":true,"href":"https:\/\/enviosclero.archimadrid.com\/index.php?rest_route=%2Fwp%2Fv2%2Fcategories&post=491"},{"taxonomy":"post_tag","embeddable":true,"href":"https:\/\/enviosclero.archimadrid.com\/index.php?rest_route=%2Fwp%2Fv2%2Ftags&post=491"}],"curies":[{"name":"wp","href":"https:\/\/api.w.org\/{rel}","templated":true}]}}