{"id":478,"date":"2024-12-30T18:09:31","date_gmt":"2024-12-30T17:09:31","guid":{"rendered":"https:\/\/enviosclero.archimadrid.com\/?p=478"},"modified":"2024-12-30T18:10:38","modified_gmt":"2024-12-30T17:10:38","slug":"proximo-modulo-curso-liderazgo-sacerdotal-del-27-al-29-de-enero","status":"publish","type":"post","link":"https:\/\/enviosclero.archimadrid.com\/?p=478","title":{"rendered":"Pr\u00f3ximo m\u00f3dulo Curso liderazgo sacerdotal, del 27 al 29 de enero"},"content":{"rendered":"<p>El pasado 11 de noviembre, un grupo de 21 sacerdotes han iniciado el primer curso de Liderazgo sacerdotal impartido por la Fundaci\u00f3n Autem y organizado por la Vicar\u00eda para el Clero. El curso completo consta de 5 m\u00f3dulos. En los meses de noviembre y diciembre se han completado los dos primeros. La experiencia de los participantes est\u00e1 siendo muy positiva.<\/p>\n<p>En este mes de enero, <strong>desde el lunes 27 al mi\u00e9rcoles 29 en la Villa San Pablo<\/strong>, se impartir\u00e1 el tercero, cuyo t\u00edtulo es \u00abUna invitaci\u00f3n a redescubrir el propio liderazgo de pastor- llevar a cabo el cambio\u00bb.<\/p>\n<p>&nbsp;<\/p>\n<p>&nbsp;<\/p>\n","protected":false},"excerpt":{"rendered":"<p>El pasado 11 de noviembre, un grupo de 21 sacerdotes han iniciado el primer curso de Liderazgo sacerdotal impartido por la Fundaci\u00f3n Autem y organizado por la Vicar\u00eda para el Clero. El curso completo consta de 5 m\u00f3dulos. En los meses de noviembre y diciembre se han completado los dos primeros. La experiencia de los [&hellip;]<\/p>\n","protected":false},"author":2,"featured_media":0,"comment_status":"open","ping_status":"closed","sticky":false,"template":"","format":"standard","meta":{"_et_pb_use_builder":"","_et_pb_old_content":"","_et_gb_content_width":"","footnotes":""},"categories":[1],"tags":[],"class_list":["post-478","post","type-post","status-publish","format-standard","hentry","category-uncategorized"],"_links":{"self":[{"href":"https:\/\/enviosclero.archimadrid.com\/index.php?rest_route=\/wp\/v2\/posts\/478","targetHints":{"allow":["GET"]}}],"collection":[{"href":"https:\/\/enviosclero.archimadrid.com\/index.php?rest_route=\/wp\/v2\/posts"}],"about":[{"href":"https:\/\/enviosclero.archimadrid.com\/index.php?rest_route=\/wp\/v2\/types\/post"}],"author":[{"embeddable":true,"href":"https:\/\/enviosclero.archimadrid.com\/index.php?rest_route=\/wp\/v2\/users\/2"}],"replies":[{"embeddable":true,"href":"https:\/\/enviosclero.archimadrid.com\/index.php?rest_route=%2Fwp%2Fv2%2Fcomments&post=478"}],"version-history":[{"count":5,"href":"https:\/\/enviosclero.archimadrid.com\/index.php?rest_route=\/wp\/v2\/posts\/478\/revisions"}],"predecessor-version":[{"id":483,"href":"https:\/\/enviosclero.archimadrid.com\/index.php?rest_route=\/wp\/v2\/posts\/478\/revisions\/483"}],"wp:attachment":[{"href":"https:\/\/enviosclero.archimadrid.com\/index.php?rest_route=%2Fwp%2Fv2%2Fmedia&parent=478"}],"wp:term":[{"taxonomy":"category","embeddable":true,"href":"https:\/\/enviosclero.archimadrid.com\/index.php?rest_route=%2Fwp%2Fv2%2Fcategories&post=478"},{"taxonomy":"post_tag","embeddable":true,"href":"https:\/\/enviosclero.archimadrid.com\/index.php?rest_route=%2Fwp%2Fv2%2Ftags&post=478"}],"curies":[{"name":"wp","href":"https:\/\/api.w.org\/{rel}","templated":true}]}}