{"id":451,"date":"2024-12-30T12:17:56","date_gmt":"2024-12-30T11:17:56","guid":{"rendered":"https:\/\/enviosclero.archimadrid.com\/?p=451"},"modified":"2024-12-30T15:28:44","modified_gmt":"2024-12-30T14:28:44","slug":"retiro-sacerdotes-estudiantes-enero","status":"publish","type":"post","link":"https:\/\/enviosclero.archimadrid.com\/?p=451","title":{"rendered":"Retiro sacerdotes estudiantes enero"},"content":{"rendered":"<p>El <strong>s\u00e1bado 11 de enero, a las 11 h<\/strong>, el Vicario Episcopal de la Vicar\u00eda 1, D. Juan Pedro Guti\u00e9rrez Regueira, dirigir\u00e1 el pr\u00f3ximo retiro para sacerdotes acogidos en Madrid por motivo de estudios..<\/p>\n<p>Como en las \u00faltimas ocasiones, tendr\u00e1 lugar en el Seminario Conciliar de Madrid<\/p>\n<p>Para participar es necesario inscribirse previamente, antes del d\u00eda 7 de enero, en el siguiente enlace:<\/p>\n<p style=\"text-align: center;\"><a href=\"https:\/\/forms.office.com\/e\/RJLSr4YW10\">https:\/\/forms.office.com\/e\/RJLSr4YW10<\/a><\/p>\n","protected":false},"excerpt":{"rendered":"<p>El s\u00e1bado 11 de enero, a las 11 h, el Vicario Episcopal de la Vicar\u00eda 1, D. Juan Pedro Guti\u00e9rrez Regueira, dirigir\u00e1 el pr\u00f3ximo retiro para sacerdotes acogidos en Madrid por motivo de estudios.. Como en las \u00faltimas ocasiones, tendr\u00e1 lugar en el Seminario Conciliar de Madrid Para participar es necesario inscribirse previamente, antes del [&hellip;]<\/p>\n","protected":false},"author":2,"featured_media":333,"comment_status":"open","ping_status":"closed","sticky":false,"template":"","format":"standard","meta":{"_et_pb_use_builder":"","_et_pb_old_content":"","_et_gb_content_width":"","footnotes":""},"categories":[5,3],"tags":[],"class_list":["post-451","post","type-post","status-publish","format-standard","has-post-thumbnail","hentry","category-agenda","category-newsleter-clero"],"_links":{"self":[{"href":"https:\/\/enviosclero.archimadrid.com\/index.php?rest_route=\/wp\/v2\/posts\/451","targetHints":{"allow":["GET"]}}],"collection":[{"href":"https:\/\/enviosclero.archimadrid.com\/index.php?rest_route=\/wp\/v2\/posts"}],"about":[{"href":"https:\/\/enviosclero.archimadrid.com\/index.php?rest_route=\/wp\/v2\/types\/post"}],"author":[{"embeddable":true,"href":"https:\/\/enviosclero.archimadrid.com\/index.php?rest_route=\/wp\/v2\/users\/2"}],"replies":[{"embeddable":true,"href":"https:\/\/enviosclero.archimadrid.com\/index.php?rest_route=%2Fwp%2Fv2%2Fcomments&post=451"}],"version-history":[{"count":6,"href":"https:\/\/enviosclero.archimadrid.com\/index.php?rest_route=\/wp\/v2\/posts\/451\/revisions"}],"predecessor-version":[{"id":462,"href":"https:\/\/enviosclero.archimadrid.com\/index.php?rest_route=\/wp\/v2\/posts\/451\/revisions\/462"}],"wp:featuredmedia":[{"embeddable":true,"href":"https:\/\/enviosclero.archimadrid.com\/index.php?rest_route=\/wp\/v2\/media\/333"}],"wp:attachment":[{"href":"https:\/\/enviosclero.archimadrid.com\/index.php?rest_route=%2Fwp%2Fv2%2Fmedia&parent=451"}],"wp:term":[{"taxonomy":"category","embeddable":true,"href":"https:\/\/enviosclero.archimadrid.com\/index.php?rest_route=%2Fwp%2Fv2%2Fcategories&post=451"},{"taxonomy":"post_tag","embeddable":true,"href":"https:\/\/enviosclero.archimadrid.com\/index.php?rest_route=%2Fwp%2Fv2%2Ftags&post=451"}],"curies":[{"name":"wp","href":"https:\/\/api.w.org\/{rel}","templated":true}]}}