{"id":446,"date":"2024-12-30T12:12:13","date_gmt":"2024-12-30T11:12:13","guid":{"rendered":"https:\/\/enviosclero.archimadrid.com\/?p=446"},"modified":"2024-12-30T17:34:13","modified_gmt":"2024-12-30T16:34:13","slug":"446","status":"publish","type":"post","link":"https:\/\/enviosclero.archimadrid.com\/?p=446","title":{"rendered":"Despedida e inauguraci\u00f3n ministerio episcopal en Segovia de D. Jes\u00fas Vidal"},"content":{"rendered":"<p><span style=\"font-size: 14px;\">Como bien sab\u00e9is, el\u00a0<strong>inicio del ministerio episcopal de D. Jes\u00fas Vidal Chamorro en la di\u00f3cesis de Segovia<\/strong>\u00a0tendr\u00e1 lugar el s\u00e1bado 18 de enero a las 11 h en la Catedral de Segovia.<\/span><\/p>\n<p><span style=\"font-size: 14px;\">\u00a0<\/span><span style=\"font-size: 14px;\">Agradecemos todo el ministerio sacerdotal y episcopal de D. Jes\u00fas entre nosotros. Por ese motivo, u<\/span><span style=\"font-size: 14px;\">nos d\u00edas antes, el martes 7 de enero, a las 19 h en la Catedral de la Almudena se celebrar\u00e1 una Eucarist\u00eda de despedida.<\/span><\/p>\n<p><span style=\"font-size: 14px;\">\u00a0<\/span><span style=\"font-size: 14px;\">Con el fin de ayudar a la organizaci\u00f3n de ambos actos,\u00a0<strong>necesitamos que comuniqueis vuestra intenci\u00f3n de participar<\/strong>\u00a0preferiblemente a trav\u00e9s de este formulario;<\/span><\/p>\n<p style=\"text-align: center;\"><span style=\"font-size: 14px;\">\u00a0<\/span><span style=\"color: #0000ff; font-size: 14px;\"><a class=\"acym__wysid__content-no-settings-style\" style=\"color: #0000ff;\" href=\"https:\/\/forms.office.com\/e\/nn8wP1CrhF\" target=\"_blank\" rel=\"noopener\">https:\/\/forms.office.com\/e\/nn8wP1CrhF<\/a><\/span><\/p>\n","protected":false},"excerpt":{"rendered":"<p>Como bien sab\u00e9is, el\u00a0inicio del ministerio episcopal de D. Jes\u00fas Vidal Chamorro en la di\u00f3cesis de Segovia\u00a0tendr\u00e1 lugar el s\u00e1bado 18 de enero a las 11 h en la Catedral de Segovia. \u00a0Agradecemos todo el ministerio sacerdotal y episcopal de D. Jes\u00fas entre nosotros. Por ese motivo, unos d\u00edas antes, el martes 7 de enero, [&hellip;]<\/p>\n","protected":false},"author":2,"featured_media":366,"comment_status":"open","ping_status":"closed","sticky":false,"template":"","format":"standard","meta":{"_et_pb_use_builder":"","_et_pb_old_content":"","_et_gb_content_width":"","footnotes":""},"categories":[1],"tags":[],"class_list":["post-446","post","type-post","status-publish","format-standard","has-post-thumbnail","hentry","category-uncategorized"],"_links":{"self":[{"href":"https:\/\/enviosclero.archimadrid.com\/index.php?rest_route=\/wp\/v2\/posts\/446","targetHints":{"allow":["GET"]}}],"collection":[{"href":"https:\/\/enviosclero.archimadrid.com\/index.php?rest_route=\/wp\/v2\/posts"}],"about":[{"href":"https:\/\/enviosclero.archimadrid.com\/index.php?rest_route=\/wp\/v2\/types\/post"}],"author":[{"embeddable":true,"href":"https:\/\/enviosclero.archimadrid.com\/index.php?rest_route=\/wp\/v2\/users\/2"}],"replies":[{"embeddable":true,"href":"https:\/\/enviosclero.archimadrid.com\/index.php?rest_route=%2Fwp%2Fv2%2Fcomments&post=446"}],"version-history":[{"count":5,"href":"https:\/\/enviosclero.archimadrid.com\/index.php?rest_route=\/wp\/v2\/posts\/446\/revisions"}],"predecessor-version":[{"id":477,"href":"https:\/\/enviosclero.archimadrid.com\/index.php?rest_route=\/wp\/v2\/posts\/446\/revisions\/477"}],"wp:featuredmedia":[{"embeddable":true,"href":"https:\/\/enviosclero.archimadrid.com\/index.php?rest_route=\/wp\/v2\/media\/366"}],"wp:attachment":[{"href":"https:\/\/enviosclero.archimadrid.com\/index.php?rest_route=%2Fwp%2Fv2%2Fmedia&parent=446"}],"wp:term":[{"taxonomy":"category","embeddable":true,"href":"https:\/\/enviosclero.archimadrid.com\/index.php?rest_route=%2Fwp%2Fv2%2Fcategories&post=446"},{"taxonomy":"post_tag","embeddable":true,"href":"https:\/\/enviosclero.archimadrid.com\/index.php?rest_route=%2Fwp%2Fv2%2Ftags&post=446"}],"curies":[{"name":"wp","href":"https:\/\/api.w.org\/{rel}","templated":true}]}}