{"id":387,"date":"2024-12-29T22:45:19","date_gmt":"2024-12-29T21:45:19","guid":{"rendered":"https:\/\/enviosclero.archimadrid.com\/?p=387"},"modified":"2024-12-30T10:29:37","modified_gmt":"2024-12-30T09:29:37","slug":"seminario-de-profundizacion-para-sacerdotes","status":"publish","type":"post","link":"https:\/\/enviosclero.archimadrid.com\/?p=387","title":{"rendered":"Seminario de Profundizaci\u00f3n"},"content":{"rendered":"<p>La Renovaci\u00f3n Carism\u00e1tica Cat\u00f3lica invita a participar en un Seminario de Profundizaci\u00f3n:<\/p>\n<p>ABIERTA la INSCRIPCI\u00d3N para el SEMINARIO de PROFUNDIZACI\u00d3N para SACERDOTES. Del <strong>27 al 30 de enero del 2025<\/strong> tendremos el Seminario de Profundizaci\u00f3n.<\/p>\n<p>Este a\u00f1o ahondaremos sobre los <strong>carismas de palabra y su ejercicio en el ministerio sacerdotal.<\/strong><\/p>\n<p>Las plazas son limitadas, as\u00ed que no tard\u00e9is en apuntaros.\ud83d\ude09<\/p>\n<p>+ Informaci\u00f3n e inscripci\u00f3n: <a href=\"https:\/\/docs.google.com\/forms\/d\/1tBW5DpX2yzi3rmSuFfipQriVuWuTmdPLVgWVKX653bc\/edit?chromeless=1\" target=\"_blank\" rel=\"noopener\">https:\/\/docs.google.com\/forms\/d\/1tBW5DpX2yzi3rmSuFfipQriVuWuTmdPLVgWVKX653bc\/edit?chromeless=1<\/a><\/p>\n<p><img loading=\"lazy\" decoding=\"async\" class=\"aligncenter wp-image-389\" src=\"https:\/\/enviosclero.archimadrid.com\/wp-content\/uploads\/2024\/12\/SpE2025-1024x1024.png\" alt=\"\" width=\"500\" height=\"500\" \/><\/p>\n<p>&nbsp;<\/p>\n<p>\u00a1\u00a1Esta es la generaci\u00f3n que busca tu rostro, Se\u00f1or!! \ud83d\ude4c\ud83d\udd25\ud83d\ude4c\ud83d\udd25\ud83d\ude4c<\/p>\n","protected":false},"excerpt":{"rendered":"<p>La Renovaci\u00f3n Carism\u00e1tica Cat\u00f3lica invita a participar en un Seminario de Profundizaci\u00f3n: ABIERTA la INSCRIPCI\u00d3N para el SEMINARIO de PROFUNDIZACI\u00d3N para SACERDOTES. Del 27 al 30 de enero del 2025 tendremos el Seminario de Profundizaci\u00f3n. Este a\u00f1o ahondaremos sobre los carismas de palabra y su ejercicio en el ministerio sacerdotal. Las plazas son limitadas, as\u00ed [&hellip;]<\/p>\n","protected":false},"author":2,"featured_media":389,"comment_status":"open","ping_status":"closed","sticky":false,"template":"","format":"standard","meta":{"_et_pb_use_builder":"","_et_pb_old_content":"","_et_gb_content_width":"","footnotes":""},"categories":[5],"tags":[],"class_list":["post-387","post","type-post","status-publish","format-standard","has-post-thumbnail","hentry","category-agenda"],"_links":{"self":[{"href":"https:\/\/enviosclero.archimadrid.com\/index.php?rest_route=\/wp\/v2\/posts\/387","targetHints":{"allow":["GET"]}}],"collection":[{"href":"https:\/\/enviosclero.archimadrid.com\/index.php?rest_route=\/wp\/v2\/posts"}],"about":[{"href":"https:\/\/enviosclero.archimadrid.com\/index.php?rest_route=\/wp\/v2\/types\/post"}],"author":[{"embeddable":true,"href":"https:\/\/enviosclero.archimadrid.com\/index.php?rest_route=\/wp\/v2\/users\/2"}],"replies":[{"embeddable":true,"href":"https:\/\/enviosclero.archimadrid.com\/index.php?rest_route=%2Fwp%2Fv2%2Fcomments&post=387"}],"version-history":[{"count":7,"href":"https:\/\/enviosclero.archimadrid.com\/index.php?rest_route=\/wp\/v2\/posts\/387\/revisions"}],"predecessor-version":[{"id":420,"href":"https:\/\/enviosclero.archimadrid.com\/index.php?rest_route=\/wp\/v2\/posts\/387\/revisions\/420"}],"wp:featuredmedia":[{"embeddable":true,"href":"https:\/\/enviosclero.archimadrid.com\/index.php?rest_route=\/wp\/v2\/media\/389"}],"wp:attachment":[{"href":"https:\/\/enviosclero.archimadrid.com\/index.php?rest_route=%2Fwp%2Fv2%2Fmedia&parent=387"}],"wp:term":[{"taxonomy":"category","embeddable":true,"href":"https:\/\/enviosclero.archimadrid.com\/index.php?rest_route=%2Fwp%2Fv2%2Fcategories&post=387"},{"taxonomy":"post_tag","embeddable":true,"href":"https:\/\/enviosclero.archimadrid.com\/index.php?rest_route=%2Fwp%2Fv2%2Ftags&post=387"}],"curies":[{"name":"wp","href":"https:\/\/api.w.org\/{rel}","templated":true}]}}