{"id":328,"date":"2024-11-30T17:22:05","date_gmt":"2024-11-30T16:22:05","guid":{"rendered":"https:\/\/enviosclero.archimadrid.com\/?p=328"},"modified":"2025-04-21T19:42:33","modified_gmt":"2025-04-21T18:42:33","slug":"eucaristia-con-padres-de-sacerdotes","status":"publish","type":"post","link":"https:\/\/enviosclero.archimadrid.com\/?p=328","title":{"rendered":"Eucaristia con padres de sacerdotes"},"content":{"rendered":"<h3 style=\"text-align: center;\"><span style=\"color: #993300;\">Este encuentro ha sido suspendido, debido a las circunstancias sobrevenidas por el fallecimiento del Papa Francisco que impiden la disponibilidad de D. Jos\u00e9 para esos d\u00edas.<\/span><\/h3>\n<h3 style=\"text-align: center;\"><span style=\"color: #993300;\">En el caso de que m\u00e1s adelante fuera posible, volver\u00edamos a enviar una nueva convocatoria.<\/span><\/h3>\n<p>&nbsp;<\/p>\n<p>El <strong>s\u00e1bado 10 de mayo a las 19 h, en la Catedral<\/strong>, tendremos una Eucarist\u00eda con nuestro Arzobispo y los padres y familiares de sacerdotes que puedan acudir. A continuaci\u00f3n, tendremos un encuentro festivo.<\/p>\n<p>Nos urge cerrar el listado de participantes, con el fin de que podamos enviarles una invitaci\u00f3n personalizada. Por ese motivo, si no lo has hecho todav\u00eda, necesitamos que nos proporcioneis algunos datos a trav\u00e9s del siguiente formulario:<\/p>\n<p style=\"text-align: center;\"><a href=\"https:\/\/forms.office.com\/e\/7nELww0x6B\">https:\/\/forms.office.com\/e\/7nELww0x6B<\/a><\/p>\n<p>&nbsp;<\/p>\n<p>&nbsp;<\/p>\n","protected":false},"excerpt":{"rendered":"<p>Este encuentro ha sido suspendido, debido a las circunstancias sobrevenidas por el fallecimiento del Papa Francisco que impiden la disponibilidad de D. Jos\u00e9 para esos d\u00edas. En el caso de que m\u00e1s adelante fuera posible, volver\u00edamos a enviar una nueva convocatoria. &nbsp; El s\u00e1bado 10 de mayo a las 19 h, en la Catedral, tendremos [&hellip;]<\/p>\n","protected":false},"author":2,"featured_media":622,"comment_status":"open","ping_status":"closed","sticky":false,"template":"","format":"standard","meta":{"_et_pb_use_builder":"","_et_pb_old_content":"","_et_gb_content_width":"","footnotes":""},"categories":[1],"tags":[],"class_list":["post-328","post","type-post","status-publish","format-standard","has-post-thumbnail","hentry","category-uncategorized"],"_links":{"self":[{"href":"https:\/\/enviosclero.archimadrid.com\/index.php?rest_route=\/wp\/v2\/posts\/328","targetHints":{"allow":["GET"]}}],"collection":[{"href":"https:\/\/enviosclero.archimadrid.com\/index.php?rest_route=\/wp\/v2\/posts"}],"about":[{"href":"https:\/\/enviosclero.archimadrid.com\/index.php?rest_route=\/wp\/v2\/types\/post"}],"author":[{"embeddable":true,"href":"https:\/\/enviosclero.archimadrid.com\/index.php?rest_route=\/wp\/v2\/users\/2"}],"replies":[{"embeddable":true,"href":"https:\/\/enviosclero.archimadrid.com\/index.php?rest_route=%2Fwp%2Fv2%2Fcomments&post=328"}],"version-history":[{"count":6,"href":"https:\/\/enviosclero.archimadrid.com\/index.php?rest_route=\/wp\/v2\/posts\/328\/revisions"}],"predecessor-version":[{"id":636,"href":"https:\/\/enviosclero.archimadrid.com\/index.php?rest_route=\/wp\/v2\/posts\/328\/revisions\/636"}],"wp:featuredmedia":[{"embeddable":true,"href":"https:\/\/enviosclero.archimadrid.com\/index.php?rest_route=\/wp\/v2\/media\/622"}],"wp:attachment":[{"href":"https:\/\/enviosclero.archimadrid.com\/index.php?rest_route=%2Fwp%2Fv2%2Fmedia&parent=328"}],"wp:term":[{"taxonomy":"category","embeddable":true,"href":"https:\/\/enviosclero.archimadrid.com\/index.php?rest_route=%2Fwp%2Fv2%2Fcategories&post=328"},{"taxonomy":"post_tag","embeddable":true,"href":"https:\/\/enviosclero.archimadrid.com\/index.php?rest_route=%2Fwp%2Fv2%2Ftags&post=328"}],"curies":[{"name":"wp","href":"https:\/\/api.w.org\/{rel}","templated":true}]}}