{"id":294,"date":"2024-11-30T13:24:21","date_gmt":"2024-11-30T12:24:21","guid":{"rendered":"https:\/\/enviosclero.archimadrid.com\/?p=294"},"modified":"2024-12-02T09:56:03","modified_gmt":"2024-12-02T08:56:03","slug":"equipo-diocesano-de-voluntarios-de-atencion-y-cuidado-de-sacerdotes-mayores","status":"publish","type":"post","link":"https:\/\/enviosclero.archimadrid.com\/?p=294","title":{"rendered":"Equipo diocesano de voluntarios de atencion y cuidado de sacerdotes mayores"},"content":{"rendered":"<h5><span style=\"color: #3366ff;\">Equipo diocesano de voluntarios de atenci\u00f3n y cuidado de sacerdotes mayores<\/span><\/h5>\n<p>En medio del bullicio y la rapidez de nuestra ciudad de Madrid, un grupo de voluntarios \u2013 animados por el vicario Don Juan Carlos Merino, hemos decidido hacer una pausa para atender una realidad que el Papa Francisco nos recuerda: \u201cmuchos sacerdotes est\u00e1n demasiado solos, sin la gracia del acompa\u00f1amiento\u201d. Para responder a esta certeza, acompa\u00f1amos y cuidamos en particular a los sacerdotes mayores y enfermos que en su nueva etapa de la vida nos ense\u00f1an, como les dec\u00eda el cardenal y arzobispo de Madrid Don Jos\u00e9 Cobo, a \u201cacoger la fragilidad, que es cuando m\u00e1s testimonio se da.\u201d<\/p>\n<p>Animados por esta llamada, los voluntarios queremos mostrar la ternura de todo el pueblo de Dios a sus sacerdotes, estableciendo verdaderas relaciones de cuidado. Relaciones que se forjan a trav\u00e9s de la escucha atenta, ya que es, en esta escucha donde podemos detectar, atender y satisfacer las necesidades de nuestros sacerdotes, para que sigan siendo como dice el Papa Francisco, \u201cprotagonistas activos\u201d de nuestra di\u00f3cesis.<\/p>\n<p>Los Voluntarios <a href=\"mailto:voluntariosclero@archidiocesis.madrid\">voluntariosclero@archidiocesis.madrid<\/a><\/p>\n<p>&nbsp;<\/p>\n","protected":false},"excerpt":{"rendered":"<p>Equipo diocesano de voluntarios de atenci\u00f3n y cuidado de sacerdotes mayores En medio del bullicio y la rapidez de nuestra ciudad de Madrid, un grupo de voluntarios \u2013 animados por el vicario Don Juan Carlos Merino, hemos decidido hacer una pausa para atender una realidad que el Papa Francisco nos recuerda: \u201cmuchos sacerdotes est\u00e1n demasiado [&hellip;]<\/p>\n","protected":false},"author":2,"featured_media":295,"comment_status":"open","ping_status":"closed","sticky":false,"template":"","format":"standard","meta":{"_et_pb_use_builder":"","_et_pb_old_content":"","_et_gb_content_width":"","footnotes":""},"categories":[1],"tags":[],"class_list":["post-294","post","type-post","status-publish","format-standard","has-post-thumbnail","hentry","category-uncategorized"],"_links":{"self":[{"href":"https:\/\/enviosclero.archimadrid.com\/index.php?rest_route=\/wp\/v2\/posts\/294","targetHints":{"allow":["GET"]}}],"collection":[{"href":"https:\/\/enviosclero.archimadrid.com\/index.php?rest_route=\/wp\/v2\/posts"}],"about":[{"href":"https:\/\/enviosclero.archimadrid.com\/index.php?rest_route=\/wp\/v2\/types\/post"}],"author":[{"embeddable":true,"href":"https:\/\/enviosclero.archimadrid.com\/index.php?rest_route=\/wp\/v2\/users\/2"}],"replies":[{"embeddable":true,"href":"https:\/\/enviosclero.archimadrid.com\/index.php?rest_route=%2Fwp%2Fv2%2Fcomments&post=294"}],"version-history":[{"count":13,"href":"https:\/\/enviosclero.archimadrid.com\/index.php?rest_route=\/wp\/v2\/posts\/294\/revisions"}],"predecessor-version":[{"id":352,"href":"https:\/\/enviosclero.archimadrid.com\/index.php?rest_route=\/wp\/v2\/posts\/294\/revisions\/352"}],"wp:featuredmedia":[{"embeddable":true,"href":"https:\/\/enviosclero.archimadrid.com\/index.php?rest_route=\/wp\/v2\/media\/295"}],"wp:attachment":[{"href":"https:\/\/enviosclero.archimadrid.com\/index.php?rest_route=%2Fwp%2Fv2%2Fmedia&parent=294"}],"wp:term":[{"taxonomy":"category","embeddable":true,"href":"https:\/\/enviosclero.archimadrid.com\/index.php?rest_route=%2Fwp%2Fv2%2Fcategories&post=294"},{"taxonomy":"post_tag","embeddable":true,"href":"https:\/\/enviosclero.archimadrid.com\/index.php?rest_route=%2Fwp%2Fv2%2Ftags&post=294"}],"curies":[{"name":"wp","href":"https:\/\/api.w.org\/{rel}","templated":true}]}}