{"id":287,"date":"2024-11-30T13:11:24","date_gmt":"2024-11-30T12:11:24","guid":{"rendered":"https:\/\/enviosclero.archimadrid.com\/?p=287"},"modified":"2024-12-02T12:27:43","modified_gmt":"2024-12-02T11:27:43","slug":"encuentros-para-la-mision-esquema-intervencion-d-jose-antonio-alvarez","status":"publish","type":"post","link":"https:\/\/enviosclero.archimadrid.com\/?p=287","title":{"rendered":"Encuentros para la misi\u00f3n"},"content":{"rendered":"<h5><span style=\"color: #3366ff;\">Encuentros para\u00a0<\/span><span style=\"color: #3366ff;\"> la misi\u00f3n<\/span><\/h5>\n<p>La formaci\u00f3n permanente debe acompa\u00f1ar a los sacerdotes siempre, en cualquier periodo y situaci\u00f3n de su vida, as\u00ed como los diversos cargos de responsabilidad, eclesial que se le confiere; teniendo en cuenta las posibilidades y caracter\u00edsticas propias de nada, las condiciones de vida y las tareas encomendadas (PDV).<\/p>\n<p>A esta responsabilidad personal y permanente de los sacerdotes corresponde en nuestra di\u00f3cesis el ofrecimiento para todo el itinerario de la vida del presb\u00edtero, un conjunto unificado de ofertas que abarque la formaci\u00f3n permanente integral, la prueba, la dinamicen y la acerquen a las necesidades y expectativas de los sacerdotes.<\/p>\n<p>Normalmente los primeros jueves de mes nos encontramos por vicarias con el deseo de orar, formarnos y fomentar la fraternidad sacerdotal entre nosotros. En este curso estamos tratando las relaciones de los presb\u00edteros como elemento constitutivo de nuestro ministerio.<\/p>\n<p>En primer lugar hemos reflexionado sobre la relaci\u00f3n de los sacerdotes con el obispo. Los obispos auxiliares han recorrido las distintas vicarias presentando su propio testimonio. Ofrecemos la intervenci\u00f3n de D. Jose Antonio Alvarez, obispo auxiliar de Madrid:<\/p>\n<p><span style=\"color: #800000;\">RELACI\u00d3N OBISPO-SACERDOTE<\/span><\/p>\n<p><span style=\"color: #800000;\">1.- El obispo miembro del Pueblo de Dios<\/span><br \/>\n&#8211; La constituci\u00f3n jer\u00e1rquica de la Iglesia (cap. III), al servicio del Pueblo de Dios (cap.II), para la misi\u00f3n de toda la Iglesia (cap. I). LG 18<br \/>\n&#8211; El ministerio ordenado se da en la Iglesia y en una forma constitutivamente eclesial. LG 20.<br \/>\n&#8211; El ministerio ordenado, \u201crepresentatio Christi Capitis\u201d, lo es participando en la entera misi\u00f3n de la Iglesia como \u201crepresentatio Ecclesiae\u201d. LG 28<\/p>\n<p><span style=\"color: #800000;\">2.- Las relaciones configuran el ser sacerdotal<\/span><br \/>\n&#8211; PO: Capitulo II: Las relaci\u00f3n de los presbiteros con los dem\u00e1s (nn. 7, 8 y 9), explicitan y son parte esencial de la naturaleza y misi\u00f3n del presb\u00edtero, que se exponen en el cap\u00edtulo I.<\/p>\n<p><span style=\"color: #800000;\">3.- La relaci\u00f3n entre los obispos y los presb\u00edteros: PO 7<\/span><br \/>\n&#8211; Participan del \u00fanico sacerdocio de Cristo. De naturaleza sacramental.<br \/>\n&#8211; Ministerio ordenado comprensi\u00f3n apost\u00f3lica, frente a una comprensi\u00f3n reducida al poder sacramental.<br \/>\n-LAS 4 NOTAS DE ESTA RELACI\u00d3N<br \/>\n\u2022 Necesarios colaboradores: Una misi\u00f3n compartida.<br \/>\n\u2022 Necesarios consejeros: En comuni\u00f3n.<br \/>\n\u2022 Hermanos: \u201cMi madre y mis hermanos son estos: los que escuchan la Palabra de Dios y la cumplen\u201d (Lc 8, 21).<br \/>\n\u2022 Amigos: \u201cA vosotros ya no os llamo siervos,&#8230;os llamo amigos, porque todo lo que he o\u00eddo a mi Padre os lo he dado a conocer\u201d (Jn 15, 15).<br \/>\nDVMP 107: \u201cEl obispo debe tener una actitud de padre, respecto a sus sacerdotes, evitando una lejan\u00eda o un estilo personal propio de un simple \u201cempleador\u201d. En virtud de su funci\u00f3n, siempre debe mostrarse cercano a sus presb\u00edteros, f\u00e1cilmente accesible: su primera preocupaci\u00f3n deben ser sus sacerdotes\u201d.<\/p>\n<p><span style=\"color: #800000;\">4.- La relaci\u00f3n de los presb\u00edteros con los obispos: PO 7<\/span><br \/>\n&#8211; Respeto y obediencia. Ordenaci\u00f3n: \u00bfPrometes respeto y obediencia a m\u00ed y a mis sucesores?<br \/>\n&#8211; Unidos con amor sincero: afecto y sinceridad.<br \/>\n&#8211; Esp\u00edritu de colaboraci\u00f3n: No es una obediencia formal o externa sin m\u00e1s.<br \/>\nPFS 118: \u201cLos presb\u00edteros ver\u00e1n en su obispo no s\u00f3lo al pastor que gobierna la di\u00f3cesis, sino tambi\u00e9n al padre a quien poder confiarse\u201d.<br \/>\n\u2022 Papa Francisco: La obediencia un v\u00ednculo que ayuda a discernir la voluntad de Dios.<br \/>\n\u2022 Por eso, ser\u00e1 necesario por parte del obispo una escucha respetuosa y compasiva.<br \/>\n\u2022 Humildad y dejarse ayudar.<br \/>\n\u2022 Y por parte del sacerdote \u201cse animen a expresar su parecer con respeto, valor y sinceridad\u201d.<\/p>\n<p><span style=\"color: #800000;\">5.- Algunas consideraciones<\/span><br \/>\n\u2022 El ministerio apost\u00f3lico: fraternidad apost\u00f3lica. Forma comunitaria. Cuidado mutuo.<br \/>\n\u2022 Evitar todo aquello que dificulta la fraternidad: criticas, murmuraciones&#8230; Cuidando lo que favorece la comuni\u00f3n y el est\u00edmulo vocacional. Peregrinos de esperanza.<br \/>\n\u2022 Una espiritualidad sacerdotal que nos implica en el ejercicio del ministerio y la fraternidad sacramental. Acudir a los medios que se nos ofrecen: Arciprestazgo, encuentros de vicaria, diocesanos&#8230;<br \/>\n\u2022 Vivir la corresponsabilidad desde la situaci\u00f3n personal, pero en comuni\u00f3n gozosa y esperanzada, compartiendo tambi\u00e9n la cruz.<br \/>\n\u201cCompartir en Cristo la cruz propia con el obispo y \u00e9ste con su presbiterio es el principio de una gran fecundidad apost\u00f3lica\u201d (Mons. Jos\u00e9 Delicado Baeza).<\/p>\n<p>&nbsp;<\/p>\n","protected":false},"excerpt":{"rendered":"<p>Encuentros para\u00a0 la misi\u00f3n La formaci\u00f3n permanente debe acompa\u00f1ar a los sacerdotes siempre, en cualquier periodo y situaci\u00f3n de su vida, as\u00ed como los diversos cargos de responsabilidad, eclesial que se le confiere; teniendo en cuenta las posibilidades y caracter\u00edsticas propias de nada, las condiciones de vida y las tareas encomendadas (PDV). A esta responsabilidad [&hellip;]<\/p>\n","protected":false},"author":2,"featured_media":357,"comment_status":"open","ping_status":"closed","sticky":false,"template":"","format":"standard","meta":{"_et_pb_use_builder":"","_et_pb_old_content":"","_et_gb_content_width":"","footnotes":""},"categories":[1],"tags":[],"class_list":["post-287","post","type-post","status-publish","format-standard","has-post-thumbnail","hentry","category-uncategorized"],"_links":{"self":[{"href":"https:\/\/enviosclero.archimadrid.com\/index.php?rest_route=\/wp\/v2\/posts\/287","targetHints":{"allow":["GET"]}}],"collection":[{"href":"https:\/\/enviosclero.archimadrid.com\/index.php?rest_route=\/wp\/v2\/posts"}],"about":[{"href":"https:\/\/enviosclero.archimadrid.com\/index.php?rest_route=\/wp\/v2\/types\/post"}],"author":[{"embeddable":true,"href":"https:\/\/enviosclero.archimadrid.com\/index.php?rest_route=\/wp\/v2\/users\/2"}],"replies":[{"embeddable":true,"href":"https:\/\/enviosclero.archimadrid.com\/index.php?rest_route=%2Fwp%2Fv2%2Fcomments&post=287"}],"version-history":[{"count":14,"href":"https:\/\/enviosclero.archimadrid.com\/index.php?rest_route=\/wp\/v2\/posts\/287\/revisions"}],"predecessor-version":[{"id":364,"href":"https:\/\/enviosclero.archimadrid.com\/index.php?rest_route=\/wp\/v2\/posts\/287\/revisions\/364"}],"wp:featuredmedia":[{"embeddable":true,"href":"https:\/\/enviosclero.archimadrid.com\/index.php?rest_route=\/wp\/v2\/media\/357"}],"wp:attachment":[{"href":"https:\/\/enviosclero.archimadrid.com\/index.php?rest_route=%2Fwp%2Fv2%2Fmedia&parent=287"}],"wp:term":[{"taxonomy":"category","embeddable":true,"href":"https:\/\/enviosclero.archimadrid.com\/index.php?rest_route=%2Fwp%2Fv2%2Fcategories&post=287"},{"taxonomy":"post_tag","embeddable":true,"href":"https:\/\/enviosclero.archimadrid.com\/index.php?rest_route=%2Fwp%2Fv2%2Ftags&post=287"}],"curies":[{"name":"wp","href":"https:\/\/api.w.org\/{rel}","templated":true}]}}