{"id":246,"date":"2024-10-31T23:18:01","date_gmt":"2024-10-31T21:18:01","guid":{"rendered":"https:\/\/enviosclero.archimadrid.com\/?p=246"},"modified":"2024-11-30T13:38:42","modified_gmt":"2024-11-30T12:38:42","slug":"preparando-el-jubileo-sacerdotal-2025-en-roma","status":"publish","type":"post","link":"https:\/\/enviosclero.archimadrid.com\/?p=246","title":{"rendered":"Preparando el Jubileo sacerdotal 2025 en Roma"},"content":{"rendered":"<p>Como hemos venido anunciando, estamos organizando la participaci\u00f3n en el Jubileo 2025 para sacerdotes que tendr\u00e1 lugar a finales del mes de junio. Las plazas disponibles son limitadas. Aquellos que est\u00e9is interesados en participar, comunicadlo a trav\u00e9s de el siguiente enlace <strong><span style=\"color: #993366;\">antes del 30 de noviembre<\/span><\/strong>:<\/p>\n<p style=\"text-align: center;\"><a href=\"https:\/\/forms.office.com\/e\/95KmwLm5y3\">https:\/\/forms.office.com\/e\/95KmwLm5y3<\/a><\/p>\n<p>El plan del viaje es el siguiente:<\/p>\n<p><strong>DESDE 25 AL 28 JUNIO 2025<\/strong><\/p>\n<p>ALOJAMIENTO &#8211; Casa Procura Madre del Divino Pastor (Via P\u00edo VIII, 16 \u2013 Roma) o bien en\u00a0Casa Per feire Villa Fatima (Via Paolo Bentivoglio, 1 \u2013 Roma)<br \/>\nVUELOS:<\/p>\n<ul>\n<li>25JUNIO AZ059 MADRID\/ROMA 05.50-08.15<\/li>\n<li>28JUNIO AZ064 ROMA\/MADRID 21.25-23.59<\/li>\n<\/ul>\n<p><strong>Itinerario<\/strong><br \/>\n<span style=\"color: #993300;\"><strong>25 junio<\/strong>&#8211; Madrid \/Roma<\/span><\/p>\n<ul>\n<li>04.00 horas &#8211; Presentaci\u00f3n en el Aeropuerto de Madrid \u2013 Barajas, Terminal 2. Asistencia de nuestro personal para coordinar los tr\u00e1mites de facturaci\u00f3n y embarque. Salida en el vuelo indicado anteriormente. Llegada a Roma. Encuentro con nuestro conductor y traslado al alojamiento.<\/li>\n<li>Encuentro con gu\u00eda local para hacer una visita panor\u00e1mica de la ciudad, parando los lugares mas importantes de nuestro recorrido. Almuerzo en restaurante local<\/li>\n<li>Tarde libre<\/li>\n<li>Cena (en la residencia) y alojamiento<\/li>\n<\/ul>\n<p><span style=\"color: #993300;\"><strong>26 junio<\/strong> &#8211; Roma<\/span><\/p>\n<ul>\n<li>Desayuno en el hotel.<\/li>\n<li>Visita de la Bas\u00edlica de San Juan de Letr\u00e1n y Santa Mar\u00eda la Mayor, acompa\u00f1ados de un gu\u00eda local de habla espa\u00f1ola. Almuerzo en restaurante local.<\/li>\n<li>Tarde libre para participar en los diferentes actos del Jubileo.<\/li>\n<li>Cena (en la residencia) y alojamiento.<\/li>\n<\/ul>\n<p><span style=\"color: #993300;\"><strong>27 junio<\/strong> \u2013 Roma<\/span><\/p>\n<ul>\n<li>Desayuno en el hotel<\/li>\n<li>Salida a pie para participar en los diferentes actos promovidos en la Plaza de San Pedro junto con el Santo Padre en el Jubileo Sacerdotal- Almuerzo incluido<\/li>\n<li>Por la tarde, visita de San Pablo Extramuros y Catacumbas San Calixto, acompa\u00f1ados de gu\u00eda local.<\/li>\n<\/ul>\n<p><span style=\"color: #993300;\"><strong>28 junio<\/strong> &#8211; Roma \/ Madrid<\/span><\/p>\n<ul>\n<li>Desayuno en el hotel.<\/li>\n<li>Salida a pie para visitar Museos Vaticanos, Capilla Sixtina y Bas\u00edlica de San Pedro. Santa Misa. Almuerzo incluido<\/li>\n<li>Tiempo libre y a la hora acordada, traslado al aeropuerto de Roma para embarcar en el vuelo AZ064 con salida a las 21.25 horas.<\/li>\n<li>A las 23.59 horas, llegada a Madrid.<\/li>\n<\/ul>\n","protected":false},"excerpt":{"rendered":"<p>Como hemos venido anunciando, estamos organizando la participaci\u00f3n en el Jubileo 2025 para sacerdotes que tendr\u00e1 lugar a finales del mes de junio. Las plazas disponibles son limitadas. Aquellos que est\u00e9is interesados en participar, comunicadlo a trav\u00e9s de el siguiente enlace antes del 30 de noviembre: https:\/\/forms.office.com\/e\/95KmwLm5y3 El plan del viaje es el siguiente: DESDE [&hellip;]<\/p>\n","protected":false},"author":2,"featured_media":266,"comment_status":"open","ping_status":"closed","sticky":false,"template":"","format":"standard","meta":{"_et_pb_use_builder":"","_et_pb_old_content":"","_et_gb_content_width":"","footnotes":""},"categories":[1],"tags":[],"class_list":["post-246","post","type-post","status-publish","format-standard","has-post-thumbnail","hentry","category-uncategorized"],"_links":{"self":[{"href":"https:\/\/enviosclero.archimadrid.com\/index.php?rest_route=\/wp\/v2\/posts\/246","targetHints":{"allow":["GET"]}}],"collection":[{"href":"https:\/\/enviosclero.archimadrid.com\/index.php?rest_route=\/wp\/v2\/posts"}],"about":[{"href":"https:\/\/enviosclero.archimadrid.com\/index.php?rest_route=\/wp\/v2\/types\/post"}],"author":[{"embeddable":true,"href":"https:\/\/enviosclero.archimadrid.com\/index.php?rest_route=\/wp\/v2\/users\/2"}],"replies":[{"embeddable":true,"href":"https:\/\/enviosclero.archimadrid.com\/index.php?rest_route=%2Fwp%2Fv2%2Fcomments&post=246"}],"version-history":[{"count":10,"href":"https:\/\/enviosclero.archimadrid.com\/index.php?rest_route=\/wp\/v2\/posts\/246\/revisions"}],"predecessor-version":[{"id":250,"href":"https:\/\/enviosclero.archimadrid.com\/index.php?rest_route=\/wp\/v2\/posts\/246\/revisions\/250"}],"wp:featuredmedia":[{"embeddable":true,"href":"https:\/\/enviosclero.archimadrid.com\/index.php?rest_route=\/wp\/v2\/media\/266"}],"wp:attachment":[{"href":"https:\/\/enviosclero.archimadrid.com\/index.php?rest_route=%2Fwp%2Fv2%2Fmedia&parent=246"}],"wp:term":[{"taxonomy":"category","embeddable":true,"href":"https:\/\/enviosclero.archimadrid.com\/index.php?rest_route=%2Fwp%2Fv2%2Fcategories&post=246"},{"taxonomy":"post_tag","embeddable":true,"href":"https:\/\/enviosclero.archimadrid.com\/index.php?rest_route=%2Fwp%2Fv2%2Ftags&post=246"}],"curies":[{"name":"wp","href":"https:\/\/api.w.org\/{rel}","templated":true}]}}