{"id":236,"date":"2024-10-31T22:03:29","date_gmt":"2024-10-31T20:03:29","guid":{"rendered":"https:\/\/enviosclero.archimadrid.com\/?p=236"},"modified":"2024-11-01T11:03:21","modified_gmt":"2024-11-01T09:03:21","slug":"encuentro-del-arzobispo-con-los-sacerdotes-ordenados-entre-1984-y1994","status":"publish","type":"post","link":"https:\/\/enviosclero.archimadrid.com\/?p=236","title":{"rendered":"Encuentro del Arzobispo con los sacerdotes ordenados entre 1984 y 1994"},"content":{"rendered":"<p><span class=\"s2\"><span style=\"font-size: 13.0pt; font-family: 'UICTFontTextStyleBody',serif;\">Setenta sacerdotes de la archidi\u00f3cesis de Madrid participamos<\/span><\/span><span class=\"apple-converted-space\"><span style=\"font-size: 13.0pt; font-family: 'UICTFontTextStyleBody',serif;\">\u00a0\u00a0<\/span><\/span><span class=\"s2\"><span style=\"font-size: 13.0pt; font-family: 'UICTFontTextStyleBody',serif;\">en el encuentro que el Cardenal-Arzobispo Madrid mantuvo el pasado 21 de octubre con los ordenados entre los a\u00f1os 1984-1994. Precisamente D. Jos\u00e9 Cobo pertenece a esa \u00faltima promoci\u00f3n (1994) y particip\u00f3 como hermano y pastor de todos.<\/span><\/span><\/p>\n<p><span class=\"s2\"><span style=\"font-size: 13.0pt; font-family: 'UICTFontTextStyleBody',serif;\">Comenzamos con un caf\u00e9, que propici\u00f3 la ocasi\u00f3n de poder<\/span><\/span><span class=\"s2\"><span style=\"font-size: 13.0pt; font-family: 'UICTFontTextStyleBody',serif;\"> reconocernos y saludarnos. A continuaci\u00f3n, tuvimos un momento de oraci\u00f3n tranquila para tomar conciencia de la llamada que el Se\u00f1or nos hace a estar con El y a participar de la misi\u00f3n . Seguidamente nos dividimos por grupos y practicamos el m\u00e9todo de conversaci\u00f3n en Esp\u00edritu, implantado en el S\u00ednodo. Fue un momento de compartir<\/span><\/span><span class=\"s2\"><span style=\"font-size: 13.0pt; font-family: 'UICTFontTextStyleBody',serif;\"> lo que nos ha ayudado, en nuestro ministerio, a mantenernos como peregrinos en camino hacia la plenitud de la vida en Cristo. Como elementos comunes se se\u00f1alaron, naturalmente, la fe y la vida de oraci\u00f3n, la caridad pastoral, la fraternidad sacerdotal, las amistades y el pueblo creyente que nos sostiene y vivifica con su ejemplo. <\/span><\/span><\/p>\n<p><img loading=\"lazy\" decoding=\"async\" class=\"aligncenter size-large wp-image-264\" src=\"https:\/\/enviosclero.archimadrid.com\/wp-content\/uploads\/2024\/10\/1730284629025-1024x461.jpg\" alt=\"\" width=\"1024\" height=\"461\" srcset=\"https:\/\/enviosclero.archimadrid.com\/wp-content\/uploads\/2024\/10\/1730284629025-980x441.jpg 980w, https:\/\/enviosclero.archimadrid.com\/wp-content\/uploads\/2024\/10\/1730284629025-480x216.jpg 480w\" sizes=\"(min-width: 0px) and (max-width: 480px) 480px, (min-width: 481px) and (max-width: 980px) 980px, (min-width: 981px) 1024px, 100vw\" \/><\/p>\n<p><span class=\"s2\"><span style=\"font-size: 13.0pt; font-family: 'UICTFontTextStyleBody',serif;\">En un momento posterior, estando todos juntos, pudimos escuchar el testimonio de tres de los presentes, dos presb\u00edteros y nuestro Arzobispo. Todo ello sirvi\u00f3 como introducci\u00f3n para un coloquio fraterno con el obispo que se prolong\u00f3 despu\u00e9s de la comida, en el que invito a seguir respondiendo, desde la experiencia que genera sabidur\u00eda, a los retos fascinantes que tiene nuestra Iglesia y nuestra di\u00f3cesis.<\/span><\/span><\/p>\n<p><img loading=\"lazy\" decoding=\"async\" class=\"aligncenter size-large wp-image-269\" src=\"https:\/\/enviosclero.archimadrid.com\/wp-content\/uploads\/2024\/10\/1730451538385-1024x461.jpg\" alt=\"\" width=\"1024\" height=\"461\" srcset=\"https:\/\/enviosclero.archimadrid.com\/wp-content\/uploads\/2024\/10\/1730451538385-980x441.jpg 980w, https:\/\/enviosclero.archimadrid.com\/wp-content\/uploads\/2024\/10\/1730451538385-480x216.jpg 480w\" sizes=\"(min-width: 0px) and (max-width: 480px) 480px, (min-width: 481px) and (max-width: 980px) 980px, (min-width: 981px) 1024px, 100vw\" \/><\/p>\n<p><span class=\"s2\"><span style=\"font-size: 13.0pt; font-family: 'UICTFontTextStyleBody',serif;\"> La ma\u00f1ana transcurri\u00f3 en ambiente fraternal. Se valor\u00f3 positivamente el encuentro en si mismo. Fue una ocasi\u00f3n de volvernos a ver y de seguir generando v\u00ednculos, de cara a continuar viviendo la comuni\u00f3n. Se visibiliz\u00f3 la riqueza multiforme de nuestra iglesia de Madrid y de su presbiterado.<\/span><\/span><\/p>\n<p>&nbsp;<\/p>\n<p class=\"p3\" style=\"margin: 0cm; font-size-adjust: none; font-kerning: auto; font-optical-sizing: auto;\">\n","protected":false},"excerpt":{"rendered":"<p>Setenta sacerdotes de la archidi\u00f3cesis de Madrid participamos\u00a0\u00a0en el encuentro que el Cardenal-Arzobispo Madrid mantuvo el pasado 21 de octubre con los ordenados entre los a\u00f1os 1984-1994. Precisamente D. Jos\u00e9 Cobo pertenece a esa \u00faltima promoci\u00f3n (1994) y particip\u00f3 como hermano y pastor de todos. Comenzamos con un caf\u00e9, que propici\u00f3 la ocasi\u00f3n de poder [&hellip;]<\/p>\n","protected":false},"author":2,"featured_media":0,"comment_status":"open","ping_status":"closed","sticky":false,"template":"","format":"standard","meta":{"_et_pb_use_builder":"","_et_pb_old_content":"","_et_gb_content_width":"","footnotes":""},"categories":[3],"tags":[],"class_list":["post-236","post","type-post","status-publish","format-standard","hentry","category-newsleter-clero"],"_links":{"self":[{"href":"https:\/\/enviosclero.archimadrid.com\/index.php?rest_route=\/wp\/v2\/posts\/236","targetHints":{"allow":["GET"]}}],"collection":[{"href":"https:\/\/enviosclero.archimadrid.com\/index.php?rest_route=\/wp\/v2\/posts"}],"about":[{"href":"https:\/\/enviosclero.archimadrid.com\/index.php?rest_route=\/wp\/v2\/types\/post"}],"author":[{"embeddable":true,"href":"https:\/\/enviosclero.archimadrid.com\/index.php?rest_route=\/wp\/v2\/users\/2"}],"replies":[{"embeddable":true,"href":"https:\/\/enviosclero.archimadrid.com\/index.php?rest_route=%2Fwp%2Fv2%2Fcomments&post=236"}],"version-history":[{"count":13,"href":"https:\/\/enviosclero.archimadrid.com\/index.php?rest_route=\/wp\/v2\/posts\/236\/revisions"}],"predecessor-version":[{"id":271,"href":"https:\/\/enviosclero.archimadrid.com\/index.php?rest_route=\/wp\/v2\/posts\/236\/revisions\/271"}],"wp:attachment":[{"href":"https:\/\/enviosclero.archimadrid.com\/index.php?rest_route=%2Fwp%2Fv2%2Fmedia&parent=236"}],"wp:term":[{"taxonomy":"category","embeddable":true,"href":"https:\/\/enviosclero.archimadrid.com\/index.php?rest_route=%2Fwp%2Fv2%2Fcategories&post=236"},{"taxonomy":"post_tag","embeddable":true,"href":"https:\/\/enviosclero.archimadrid.com\/index.php?rest_route=%2Fwp%2Fv2%2Ftags&post=236"}],"curies":[{"name":"wp","href":"https:\/\/api.w.org\/{rel}","templated":true}]}}